{"id":20731,"date":"2026-04-30T20:59:32","date_gmt":"2026-04-30T19:59:32","guid":{"rendered":"https:\/\/informacionlocal.es\/siente-la-magia-de-la-primavera-en-puerto-del-rosario\/"},"modified":"2026-04-30T20:59:32","modified_gmt":"2026-04-30T19:59:32","slug":"siente-la-magia-de-la-primavera-en-puerto-del-rosario","status":"publish","type":"post","link":"https:\/\/informacionlocal.es\/it\/siente-la-magia-de-la-primavera-en-puerto-del-rosario\/","title":{"rendered":"\u00a1Siente la Magia de la Primavera en Puerto del Rosario!"},"content":{"rendered":"<div class=\"entry-content\">\n<div class=\"xdj266r x14z9mp xat24cr x1lziwak x1vvkbs x126k92a\">\n<div dir=\"auto\"><span>Este 2026, la primavera explota con m\u00e1s fuerza que nunca y queremos celebrarla contigo.<\/span><\/div>\n<\/div>\n<div class=\"x14z9mp xat24cr x1lziwak x1vvkbs xtlvy1s x126k92a\">\n<div dir=\"auto\"><span>Hemos preparado una jornada inolvidable, un torbellino de color, m\u00fasica y alegr\u00eda para toda la familia. Prep\u00e1rate para vivir un d\u00eda donde el arte, la creatividad y las sonrisas ser\u00e1n los grandes protagonistas.<\/span><\/div>\n<\/div>\n<div class=\"x14z9mp xat24cr x1lziwak x1vvkbs xtlvy1s x126k92a\">\n<div dir=\"auto\"><span>Una Ma\u00f1ana para Despertar los Sentidos<\/span><\/div>\n<\/div>\n<div class=\"x14z9mp xat24cr x1lziwak x1vvkbs xtlvy1s x126k92a\">\n<div dir=\"auto\"><span>10:00 h a 22:00 h | Mercadillo Artesanal (Rodonal)<\/span><\/div>\n<div dir=\"auto\"><span>D\u00e9jate envolver por el encanto de lo hecho a mano. Un paseo m\u00e1gico durante todo el d\u00eda donde descubrir\u00e1s tesoros \u00fanicos y el talento de nuestros artesanos.<\/span><\/div>\n<\/div>\n<div class=\"x14z9mp xat24cr x1lziwak x1vvkbs xtlvy1s x126k92a\">\n<div dir=\"auto\"><span>11:00 h | V Concurso de Pintura (Rodonal)<\/span><\/div>\n<div dir=\"auto\"><span>El arte toma la calle. Ven y siente la inspiraci\u00f3n mientras los artistas transforman el Rodonal en un lienzo al aire libre. Una explosi\u00f3n de creatividad que no te puedes perder.<\/span><\/div>\n<\/div>\n<div class=\"x14z9mp xat24cr x1lziwak x1vvkbs xtlvy1s x126k92a\">\n<div dir=\"auto\"><span>11:30 h a 13:30 h | Zona Infantil a Pleno Color<\/span><\/div>\n<div dir=\"auto\"><span>Taller \u201cPlantas que Crecen, Familias que Florecen\u201d: Manos a la tierra para conectar con la naturaleza y entre nosotros. Un taller precioso para crear y crecer juntos.<\/span><\/div>\n<div dir=\"auto\"><span>Juegos Tradicionales: Risas, carreras y la emoci\u00f3n de siempre. Volvamos a disfrutar de los juegos que nos unen generaci\u00f3n tras generaci\u00f3n.<\/span><\/div>\n<\/div>\n<div class=\"x14z9mp xat24cr x1lziwak x1vvkbs xtlvy1s x126k92a\">\n<div dir=\"auto\"><span>12:00 h | Cine con Coraz\u00f3n: \u201cEl Regalo\u201d (Escenario Principal)<\/span><\/div>\n<div dir=\"auto\"><span>Acom\u00f3date y abre tu coraz\u00f3n a este aclamado cortometraje. Una historia poderosa sobre resiliencia, aceptaci\u00f3n y la belleza de ser diferentes. Te emocionar\u00e1.<\/span><\/div>\n<\/div>\n<div class=\"x14z9mp xat24cr x1lziwak x1vvkbs xtlvy1s x126k92a\">\n<div dir=\"auto\"><span>13:30 h | \u00a1Que Suene la M\u00fasica! CONCIERTO DE LA RABIOSA ORQUESTA (Escenario Principal)<\/span><\/div>\n<div dir=\"auto\"><span>Sube el volumen que llega el ritmo. Prep\u00e1rate para bailar, cantar y vibrar con la energ\u00eda arrolladora de esta incre\u00edble orquesta.<\/span><\/div>\n<\/div>\n<div class=\"x14z9mp xat24cr x1lziwak x1vvkbs xtlvy1s x126k92a\">\n<div dir=\"auto\"><span>14:30 h | Recargamos Energ\u00edas (Carpa Habilitada)<\/span><\/div>\n<div dir=\"auto\"><span>Un merecido descanso para compartir un delicioso almuerzo entre todos los participantes y seguir disfrutando del d\u00eda.<\/span><\/div>\n<\/div>\n<div class=\"x14z9mp xat24cr x1lziwak x1vvkbs xtlvy1s x126k92a\">\n<div dir=\"auto\"><span>Una Tarde de Imaginaci\u00f3n y Emociones<\/span><\/div>\n<\/div>\n<div class=\"x14z9mp xat24cr x1lziwak x1vvkbs xtlvy1s x126k92a\">\n<div dir=\"auto\"><span>16:00 h | Cine para Pensar en Equipo: \u201cLocura de Zanahoria\u201d (Escenario Principal)<\/span><\/div>\n<div dir=\"auto\"><span>La magia de Pixar nos trae una divertida lecci\u00f3n: juntos somos m\u00e1s fuertes. Un corto para que los peques descubran el poder de colaborar.<\/span><\/div>\n<\/div>\n<div class=\"x14z9mp xat24cr x1lziwak x1vvkbs xtlvy1s x126k92a\">\n<div dir=\"auto\"><span>17:00 h | \u00a1Arriba el Tel\u00f3n! Obra de Teatro \u201cARTE TU, ARTE YO, ARTE TODOS\u201d<\/span><\/div>\n<div dir=\"auto\"><span>La imaginaci\u00f3n cobra vida en el escenario con una obra familiar que te har\u00e1 so\u00f1ar, re\u00edr y aplaudir.<\/span><\/div>\n<\/div>\n<div class=\"x14z9mp xat24cr x1lziwak x1vvkbs xtlvy1s x126k92a\">\n<div dir=\"auto\"><span>17:00 h a 19:00 h | Pinta Caras \u201cCaritas de Primavera\u201d<\/span><\/div>\n<div dir=\"auto\"><span>Convi\u00e9rtete en una mariposa, una flor o tu animal favorito. Nuestros artistas llenar\u00e1n de fantas\u00eda los rostros de los m\u00e1s peque\u00f1os.<\/span><\/div>\n<\/div>\n<div class=\"x14z9mp xat24cr x1lziwak x1vvkbs xtlvy1s x126k92a\">\n<div dir=\"auto\"><span>18:00 h | La Magia de las Palabras: \u201cLos colores de la primavera\u201d (Escenario Principal)<\/span><\/div>\n<div dir=\"auto\"><span>Cierra los ojos y d\u00e9jate llevar por los cuentos de la narradora Gema G. Un viaje sonoro para toda la familia que te transportar\u00e1 a mundos fant\u00e1sticos.<\/span><\/div>\n<\/div>\n<div class=\"x14z9mp xat24cr x1lziwak x1vvkbs xtlvy1s x126k92a\">\n<div dir=\"auto\"><span>18:30 h | Cine sobre la Amistad Verdadera: \u201cKitbull\u201d (Escenario Principal)<\/span><\/div>\n<div dir=\"auto\"><span>Prepara los pa\u00f1uelos para esta joya de Pixar. La conmovedora historia de una amistad improbable entre un gatito y un pitbull que te llegar\u00e1 al alma.<\/span><\/div>\n<\/div>\n<div class=\"x14z9mp xat24cr x1lziwak x1vvkbs xtlvy1s x126k92a\">\n<div dir=\"auto\"><span>Un Cierre de Noche Espectacular<\/span><\/div>\n<\/div>\n<div class=\"x14z9mp xat24cr x1lziwak x1vvkbs xtlvy1s x126k92a\">\n<div dir=\"auto\"><span>19:30 h | \u00a1Y los Ganadores Son\u2026! Entrega de Premios del Concurso de Pintura<\/span><\/div>\n<div dir=\"auto\"><span>Llega el momento de aplaudir el talento y la pasi\u00f3n. Celebraremos juntos a los artistas que han llenado de color nuestro d\u00eda.<\/span><\/div>\n<\/div>\n<div class=\"x14z9mp xat24cr x1lziwak x1vvkbs xtlvy1s x126k92a\">\n<div dir=\"auto\"><span>20:00 h | Gran Fin de Fiesta: \u00a1CONCIERTO DE LA BANDA DEL MIKI! (Escenario Principal)<\/span><\/div>\n<div dir=\"auto\"><span>Despedimos el d\u00eda por todo lo alto. Canta, baila y d\u00e9jate llevar por la energ\u00eda contagiosa de La Banda del Miki para poner el broche de oro a una jornada inolvidable.<\/span><\/div>\n<\/div>\n<div class=\"x14z9mp xat24cr x1lziwak x1vvkbs xtlvy1s x126k92a\">\n<div dir=\"auto\"><span>No te quedes en casa. Ven a vivir, sentir y celebrar la primavera como nunca. Te esperamos.<\/span><\/div>\n<div dir=\"auto\"><img loading=\"lazy\" decoding=\"async\" loading=\"lazy\" class=\"size-full wp-image-159160 aligncenter\" src=\"https:\/\/informacionlocal.es\/wp-content\/uploads\/2026\/04\/puerto-es-primavera-1.jpg\" width=\"512\" height=\"640\" title=\"puerto-es-primavera-1\"><\/div>\n<\/div>\n<\/div>\n","protected":false},"excerpt":{"rendered":"<p>Este 2026, la primavera explota con m\u00e1s fuerza que nunca y queremos celebrarla contigo. Hemos preparado una jornada inolvidable, un torbellino de color, m\u00fasica y alegr\u00eda para toda la familia. [&hellip;]<\/p>\n","protected":false},"author":1,"featured_media":20733,"comment_status":"open","ping_status":"open","sticky":false,"template":"","format":"standard","meta":{"inline_featured_image":false,"jnews-multi-image_gallery":[],"jnews_single_post":[],"jnews_primary_category":[],"jnews_social_meta":[],"jnews_override_counter":[],"jnews_post_split":[],"footnotes":""},"categories":[61],"tags":[],"class_list":["post-20731","post","type-post","status-publish","format-standard","has-post-thumbnail","hentry","category-puerto-del-rosario"],"jetpack_featured_media_url":"https:\/\/informacionlocal.es\/wp-content\/uploads\/2026\/04\/puerto-es-primavera.png","_links":{"self":[{"href":"https:\/\/informacionlocal.es\/it\/wp-json\/wp\/v2\/posts\/20731","targetHints":{"allow":["GET"]}}],"collection":[{"href":"https:\/\/informacionlocal.es\/it\/wp-json\/wp\/v2\/posts"}],"about":[{"href":"https:\/\/informacionlocal.es\/it\/wp-json\/wp\/v2\/types\/post"}],"author":[{"embeddable":true,"href":"https:\/\/informacionlocal.es\/it\/wp-json\/wp\/v2\/users\/1"}],"replies":[{"embeddable":true,"href":"https:\/\/informacionlocal.es\/it\/wp-json\/wp\/v2\/comments?post=20731"}],"version-history":[{"count":0,"href":"https:\/\/informacionlocal.es\/it\/wp-json\/wp\/v2\/posts\/20731\/revisions"}],"wp:featuredmedia":[{"embeddable":true,"href":"https:\/\/informacionlocal.es\/it\/wp-json\/wp\/v2\/media\/20733"}],"wp:attachment":[{"href":"https:\/\/informacionlocal.es\/it\/wp-json\/wp\/v2\/media?parent=20731"}],"wp:term":[{"taxonomy":"category","embeddable":true,"href":"https:\/\/informacionlocal.es\/it\/wp-json\/wp\/v2\/categories?post=20731"},{"taxonomy":"post_tag","embeddable":true,"href":"https:\/\/informacionlocal.es\/it\/wp-json\/wp\/v2\/tags?post=20731"}],"curies":[{"name":"wp","href":"https:\/\/api.w.org\/{rel}","templated":true}]}}