{"id":20681,"date":"2026-04-30T09:59:36","date_gmt":"2026-04-30T08:59:36","guid":{"rendered":"https:\/\/informacionlocal.es\/el-cabildo-de-fuerteventura-da-un-paso-mas-en-la-travesia-de-lajares-con-la-colaboracion-del-ayuntamiento-de-la-oliva\/"},"modified":"2026-04-30T09:59:36","modified_gmt":"2026-04-30T08:59:36","slug":"el-cabildo-de-fuerteventura-da-un-paso-mas-en-la-travesia-de-lajares-con-la-colaboracion-del-ayuntamiento-de-la-oliva","status":"publish","type":"post","link":"https:\/\/informacionlocal.es\/it\/el-cabildo-de-fuerteventura-da-un-paso-mas-en-la-travesia-de-lajares-con-la-colaboracion-del-ayuntamiento-de-la-oliva\/","title":{"rendered":"\ufeffEl Cabildo de Fuerteventura da un paso m\u00e1s en la traves\u00eda de Lajares con la colaboraci\u00f3n del Ayuntamiento de La Oliva"},"content":{"rendered":"<div class=\"entry-content\"><strong>30 abril, 2026<\/strong><\/p>\n<p>El Cabildo de Fuerteventura y el Ayuntamiento de La Oliva contin\u00faan avanzando en la mejora de las infraestructuras del municipio. La Corporaci\u00f3n municipal colabora en un proyecto tan importante como las obras de mejora de la traves\u00eda de Lajares, con la puesta a disposici\u00f3n de los terrenos necesarios para ejecutar el proyecto de acondicionamiento y accesibilidad de la carretera FV-109, a su paso por el n\u00facleo poblacional de Los Lajares.<\/p>\n<p>Esta actuaci\u00f3n, promovida por el Cabildo de Fuerteventura, contempla no solo la mejora de la v\u00eda, sino tambi\u00e9n una adenda espec\u00edfica para el desarrollo de la red de saneamiento en la zona, reforzando as\u00ed los servicios b\u00e1sicos y la calidad de vida de los vecinos y vecinas.<\/p>\n<p>El Pleno del Ayuntamiento de La Oliva aprobar\u00e1 esta cesi\u00f3n en el marco de la cooperaci\u00f3n interadministrativa entre ambas instituciones, permitiendo avanzar en un proyecto clave para la seguridad vial, la accesibilidad y el desarrollo urbano sostenible del municipio.<\/p>\n<p>La presidenta del Cabildo de Fuerteventura, Lola Garc\u00eda, ha se\u00f1alado que \u201cla colaboraci\u00f3n entre administraciones es fundamental para ejecutar proyectos estrat\u00e9gicos como este. La mejora de la FV-109 en Los Lajares es una actuaci\u00f3n necesaria que permitir\u00e1 avanzar en accesibilidad, movilidad y servicios b\u00e1sicos para la poblaci\u00f3n\u201d.<\/p>\n<p>El pasado mes de marzo, el Cabildo aprob\u00f3 de manera definitiva el proyecto, que supera los 4 millones de euros, \u201cy la cesi\u00f3n de suelo es un paso fundamental para poder licitar unas obras que son muy demandadas por la poblaci\u00f3n\u201d. Se trata de un proyecto acorde a las necesidades de un tramo que ha experimentado un fuerte incremento del tr\u00e1fico a su paso por la localidad de Lajares, unido a la apertura de m\u00faltiples comercios que generan un tr\u00e1nsito peatonal importante. La coordinaci\u00f3n con el Ayuntamiento de La Oliva es importante para su desarrollo, incluyendo labores de acondicionamiento del saneamiento.<\/p>\n<p>Por su parte, el alcalde de La Oliva, Isai Blanco, ha destacado que \u201ceste proyecto responde a una demanda hist\u00f3rica de los vecinos de Los Lajares. Desde el Ayuntamiento seguimos trabajando con otras administraciones para dar soluciones reales, mejorar la seguridad y modernizar nuestras infraestructuras\u201d.<\/p>\n<p>El proyecto se enmarca dentro de la planificaci\u00f3n insular para la mejora de la red viaria y supone un paso importante en la transformaci\u00f3n de Lajares, uno de los n\u00facleos con mayor crecimiento del municipio.<\/p>\n<p>Con esta iniciativa, el Cabildo y Ayuntamiento de La Oliva reafirman su compromiso con el desarrollo equilibrado del territorio y la mejora continua de las condiciones de vida de la ciudadan\u00eda.<\/p>\n<\/div>\n","protected":false},"excerpt":{"rendered":"<p>30 abril, 2026 El Cabildo de Fuerteventura y el Ayuntamiento de La Oliva contin\u00faan avanzando en la mejora de las infraestructuras del municipio. La Corporaci\u00f3n municipal colabora en un proyecto [&hellip;]<\/p>\n","protected":false},"author":1,"featured_media":20683,"comment_status":"open","ping_status":"open","sticky":false,"template":"","format":"standard","meta":{"inline_featured_image":false,"jnews-multi-image_gallery":[],"jnews_single_post":[],"jnews_primary_category":[],"jnews_social_meta":[],"jnews_override_counter":[],"jnews_post_split":[],"footnotes":""},"categories":[58],"tags":[82],"class_list":["post-20681","post","type-post","status-publish","format-standard","has-post-thumbnail","hentry","category-cabildo","tag-fuerteventura"],"jetpack_featured_media_url":"https:\/\/informacionlocal.es\/wp-content\/uploads\/2026\/04\/dgdg.png","_links":{"self":[{"href":"https:\/\/informacionlocal.es\/it\/wp-json\/wp\/v2\/posts\/20681","targetHints":{"allow":["GET"]}}],"collection":[{"href":"https:\/\/informacionlocal.es\/it\/wp-json\/wp\/v2\/posts"}],"about":[{"href":"https:\/\/informacionlocal.es\/it\/wp-json\/wp\/v2\/types\/post"}],"author":[{"embeddable":true,"href":"https:\/\/informacionlocal.es\/it\/wp-json\/wp\/v2\/users\/1"}],"replies":[{"embeddable":true,"href":"https:\/\/informacionlocal.es\/it\/wp-json\/wp\/v2\/comments?post=20681"}],"version-history":[{"count":0,"href":"https:\/\/informacionlocal.es\/it\/wp-json\/wp\/v2\/posts\/20681\/revisions"}],"wp:featuredmedia":[{"embeddable":true,"href":"https:\/\/informacionlocal.es\/it\/wp-json\/wp\/v2\/media\/20683"}],"wp:attachment":[{"href":"https:\/\/informacionlocal.es\/it\/wp-json\/wp\/v2\/media?parent=20681"}],"wp:term":[{"taxonomy":"category","embeddable":true,"href":"https:\/\/informacionlocal.es\/it\/wp-json\/wp\/v2\/categories?post=20681"},{"taxonomy":"post_tag","embeddable":true,"href":"https:\/\/informacionlocal.es\/it\/wp-json\/wp\/v2\/tags?post=20681"}],"curies":[{"name":"wp","href":"https:\/\/api.w.org\/{rel}","templated":true}]}}