{"id":20657,"date":"2026-04-29T20:00:29","date_gmt":"2026-04-29T19:00:29","guid":{"rendered":"https:\/\/informacionlocal.es\/fuerteventura-refuerza-su-estrategia-de-conectividad-aerea-en-las-jornadas-de-turespana-y-aena-con-reuniones-clave-con-aerolineas\/"},"modified":"2026-04-29T20:00:29","modified_gmt":"2026-04-29T19:00:29","slug":"fuerteventura-refuerza-su-estrategia-de-conectividad-aerea-en-las-jornadas-de-turespana-y-aena-con-reuniones-clave-con-aerolineas","status":"publish","type":"post","link":"https:\/\/informacionlocal.es\/it\/fuerteventura-refuerza-su-estrategia-de-conectividad-aerea-en-las-jornadas-de-turespana-y-aena-con-reuniones-clave-con-aerolineas\/","title":{"rendered":"\ufeffFuerteventura refuerza su estrategia de conectividad a\u00e9rea en las Jornadas de Turespa\u00f1a y Aena con reuniones clave con aerol\u00edneas"},"content":{"rendered":"<div class=\"entry-content\"><strong>29 abril, 2026<\/strong><\/p>\n<p><em><strong>El Patronato de Turismo mantiene encuentros con Iberia Express, Binter, Jet2, British Airways, Air Europa y Volotea para impulsar nuevas rutas y frecuencias<\/strong><\/em><\/p>\n<p><em><strong>Durante los encuentros, se ha puesto el foco en reforzar las frecuencias que beneficien tanto a residentes como visitantes<\/strong><\/em><\/p>\n<p>La consejera de Turismo del Cabildo de Fuerteventura, Marlene Figueroa, ha participado en la V edici\u00f3n de las Jornadas de Conectividad A\u00e9rea organizadas por Turespa\u00f1a y Aena, celebradas en la ciudad de Reus (Tarragona), donde la isla ha reforzado su estrategia para mejorar la conectividad a\u00e9rea con sus principales mercados emisores.<\/p>\n<p>En el marco de este encuentro, considerado el principal foro de colaboraci\u00f3n p\u00fablico-privada para el desarrollo de rutas internacionales en Espa\u00f1a, el Patronato de Turismo ha mantenido una intensa agenda de reuniones de trabajo con compa\u00f1\u00edas a\u00e9reas como Iberia Express, Binter Canarias, Jet2 Reino Unido, British Airways, Air Europa y Volotea.<\/p>\n<p>Durante estos encuentros, se ha trasladado a las aerol\u00edneas el inter\u00e9s del destino por reforzar la conectividad a\u00e9rea directa y regular hacia Fuerteventura, con especial atenci\u00f3n al incremento de frecuencias que beneficien tanto a los residentes como a los visitantes. Asimismo, se han explorado alternativas para cubrir rutas que han dejado de operar, tras la cancelaci\u00f3n de conexiones dom\u00e9sticas por parte de Ryanair debido al cierre de algunas de sus bases en Espa\u00f1a y Alemania.<\/p>\n<p>Esta l\u00ednea de trabajo forma parte de la hoja de ruta del Patronato Insular de Turismo para 2026, centrada en consolidar una oferta a\u00e9rea m\u00e1s s\u00f3lida, diversificada y de calidad. En este sentido, la consejera de Turismo y vicepresidenta del Patronato de Turismo, Marlene Figueroa, ha se\u00f1alado que \u201cnuestro objetivo es seguir avanzando en una conectividad punto a punto, con compa\u00f1\u00edas a\u00e9reas solventes y de prestigio internacional, que nos permita garantizar estabilidad para el destino\u201d.<\/p>\n<p>Las Jornadas de Conectividad, impulsadas por Turespa\u00f1a y Aena con la colaboraci\u00f3n del Patronato de Turismo de Tarragona y la Generalitat de Catalunya, se han consolidado desde su primera edici\u00f3n en 2022 como una herramienta estrat\u00e9gica para el impulso de nuevas rutas a\u00e9reas. Tras celebrarse en Valencia, Sevilla, Las Palmas de Gran Canaria y Santander, esta quinta edici\u00f3n ha vuelto a reunir a destinos tur\u00edsticos, aerol\u00edneas, asociaciones como ALA e IATA y otros actores clave del sector.<\/p>\n<p>El programa ha incluido un workshop profesional con reuniones bilaterales entre destinos y compa\u00f1\u00edas a\u00e9reas, as\u00ed como una jornada t\u00e9cnica con mesas redondas centradas en la planificaci\u00f3n de rutas, la sostenibilidad, la tecnolog\u00eda aplicada al turismo y los retos actuales del sector a\u00e9reo.<\/p>\n<p>En este contexto, Fuerteventura tambi\u00e9n ha podido analizar junto a las aerol\u00edneas la situaci\u00f3n internacional y los posibles escenarios a corto plazo derivados de la inestabilidad geopol\u00edtica. \u201cHemos contrastado con las compa\u00f1\u00edas aspectos de incertidumbre global, como la situaci\u00f3n en Oriente Pr\u00f3ximo, y sus posibles consecuencias en el sector, especialmente en lo relativo al suministro de combustible o la evoluci\u00f3n de los precios\u201d, ha explicado Figueroa.<\/p>\n<p>La consejera ha a\u00f1adido que \u201cdesde el Patronato vamos a intensificar esta comunicaci\u00f3n con las aerol\u00edneas para anticiparnos a posibles escenarios y valorar conjuntamente las actuaciones necesarias si se prolonga el conflicto o se producen tensiones en el mercado\u201d.<\/p>\n<p>La participaci\u00f3n en estas jornadas refuerza el posicionamiento de Fuerteventura como un destino activo en la captaci\u00f3n de conectividad a\u00e9rea, un elemento clave para su competitividad tur\u00edstica y para el desarrollo econ\u00f3mico de la isla.<\/p>\n<\/div>\n","protected":false},"excerpt":{"rendered":"<p>29 abril, 2026 El Patronato de Turismo mantiene encuentros con Iberia Express, Binter, Jet2, British Airways, Air Europa y Volotea para impulsar nuevas rutas y frecuencias Durante los encuentros, se [&hellip;]<\/p>\n","protected":false},"author":1,"featured_media":20659,"comment_status":"open","ping_status":"open","sticky":false,"template":"","format":"standard","meta":{"inline_featured_image":false,"jnews-multi-image_gallery":[],"jnews_single_post":[],"jnews_primary_category":[],"jnews_social_meta":[],"jnews_override_counter":[],"jnews_post_split":[],"footnotes":""},"categories":[58],"tags":[82],"class_list":["post-20657","post","type-post","status-publish","format-standard","has-post-thumbnail","hentry","category-cabildo","tag-fuerteventura"],"jetpack_featured_media_url":"https:\/\/informacionlocal.es\/wp-content\/uploads\/2026\/04\/fh.jpeg","_links":{"self":[{"href":"https:\/\/informacionlocal.es\/it\/wp-json\/wp\/v2\/posts\/20657","targetHints":{"allow":["GET"]}}],"collection":[{"href":"https:\/\/informacionlocal.es\/it\/wp-json\/wp\/v2\/posts"}],"about":[{"href":"https:\/\/informacionlocal.es\/it\/wp-json\/wp\/v2\/types\/post"}],"author":[{"embeddable":true,"href":"https:\/\/informacionlocal.es\/it\/wp-json\/wp\/v2\/users\/1"}],"replies":[{"embeddable":true,"href":"https:\/\/informacionlocal.es\/it\/wp-json\/wp\/v2\/comments?post=20657"}],"version-history":[{"count":0,"href":"https:\/\/informacionlocal.es\/it\/wp-json\/wp\/v2\/posts\/20657\/revisions"}],"wp:featuredmedia":[{"embeddable":true,"href":"https:\/\/informacionlocal.es\/it\/wp-json\/wp\/v2\/media\/20659"}],"wp:attachment":[{"href":"https:\/\/informacionlocal.es\/it\/wp-json\/wp\/v2\/media?parent=20657"}],"wp:term":[{"taxonomy":"category","embeddable":true,"href":"https:\/\/informacionlocal.es\/it\/wp-json\/wp\/v2\/categories?post=20657"},{"taxonomy":"post_tag","embeddable":true,"href":"https:\/\/informacionlocal.es\/it\/wp-json\/wp\/v2\/tags?post=20657"}],"curies":[{"name":"wp","href":"https:\/\/api.w.org\/{rel}","templated":true}]}}