{"id":20651,"date":"2026-04-29T18:59:45","date_gmt":"2026-04-29T17:59:45","guid":{"rendered":"https:\/\/informacionlocal.es\/el-ayuntamiento-de-pajara-celebra-el-dia-de-la-madre-con-una-campana-de-apoyo-al-comercio-local\/"},"modified":"2026-04-29T18:59:45","modified_gmt":"2026-04-29T17:59:45","slug":"el-ayuntamiento-de-pajara-celebra-el-dia-de-la-madre-con-una-campana-de-apoyo-al-comercio-local","status":"publish","type":"post","link":"https:\/\/informacionlocal.es\/it\/el-ayuntamiento-de-pajara-celebra-el-dia-de-la-madre-con-una-campana-de-apoyo-al-comercio-local\/","title":{"rendered":"El Ayuntamiento de P\u00e1jara celebra el D\u00eda de la Madre con una campa\u00f1a de apoyo al comercio local"},"content":{"rendered":"<div class=\"entry-content\">\n<p><b><i>La iniciativa busca dinamizar los establecimientos con premios directos y talleres gratuitos en varios n\u00facleos del municipio<\/i><\/b><\/p>\n<p><span>El Ayuntamiento de P\u00e1jara, a trav\u00e9s de la Concejal\u00eda de Comercio, pone en marcha la campa\u00f1a \u2018Mimo a mi mam\u00e1\u2019, una propuesta dise\u00f1ada para dinamizar el tejido empresarial local y ofrecer espacios de encuentro para las familias en los diferentes n\u00facleos urbanos del municipio.\u00a0<\/span><\/p>\n<p><span>Las actividades dar\u00e1n comienzo ma\u00f1ana jueves, 30 de abril, en Morro Jable, continuando el viernes, 1 de mayo, en La Lajita y finalizando el domingo, 3 de mayo, en Costa Calma.<\/span><\/p>\n<p><span>El concejal de Comercio, Juan Jos\u00e9 Viera, destaca que esta acci\u00f3n fortalece el v\u00ednculo entre la ciudadan\u00eda y la actividad comercial. \u201cNuestro objetivo es generar un ambiente festivo que invite tanto a la poblaci\u00f3n como a los visitantes a disfrutar de nuestras zonas comerciales, impulsando adem\u00e1s un impacto positivo en la econom\u00eda local al apoyar directamente a los comerciantes y favorecer que el beneficio econ\u00f3mico permanezca en el municipio\u201d, explica.<\/span><\/p>\n<p><span>El alcalde de P\u00e1jara, Alejandro Jorge, subraya la importancia de llevar la actividad a cada rinc\u00f3n del municipio. \u201cMantenemos nuestro compromiso de dinamizar cada n\u00facleo, uniendo ocio y apoyo al sector comercial\u201d, sostiene.<\/span><\/p>\n<p><span>La programaci\u00f3n incluye una variada oferta que recorrer\u00e1 Morro Jable, La Lajita y Costa Calma, contando con actividades como una plataforma de video 360,<\/span><span>concursos, retratos en directo, talleres de manualidades creativas, pintacaras y juegos familiares. Adem\u00e1s, se activar\u00e1 la promoci\u00f3n comercial \u2018Rasca, gana y canjea\u2019 con lo que se repartir\u00e1n 50 vales de 20 euros para ser utilizados de forma inmediata en los comercios.<\/span><\/p>\n<p><span>El Consistorio facilitar\u00e1 toda la informaci\u00f3n sobre los establecimientos participantes y las bases de la promoci\u00f3n a trav\u00e9s de c\u00f3digos QR instalados en la carteler\u00eda oficial, garantizando que el acceso a los premios y actividades sea sencillo y accesible.<\/span><\/p>\n<\/div>\n","protected":false},"excerpt":{"rendered":"<p><i>La iniciativa busca dinamizar los establecimientos con premios directos y talleres gratuitos en varios n\u00facleos del municipio<\/i><\/p>\n","protected":false},"author":1,"featured_media":20653,"comment_status":"open","ping_status":"open","sticky":false,"template":"","format":"standard","meta":{"inline_featured_image":false,"jnews-multi-image_gallery":[],"jnews_single_post":[],"jnews_primary_category":[],"jnews_social_meta":[],"jnews_override_counter":[],"jnews_post_split":[],"footnotes":""},"categories":[63],"tags":[],"class_list":["post-20651","post","type-post","status-publish","format-standard","has-post-thumbnail","hentry","category-pajara"],"jetpack_featured_media_url":"https:\/\/informacionlocal.es\/wp-content\/uploads\/2026\/04\/9cf96af7-56d3-497d-ad69-d5c1892bbbaf.jpg","_links":{"self":[{"href":"https:\/\/informacionlocal.es\/it\/wp-json\/wp\/v2\/posts\/20651","targetHints":{"allow":["GET"]}}],"collection":[{"href":"https:\/\/informacionlocal.es\/it\/wp-json\/wp\/v2\/posts"}],"about":[{"href":"https:\/\/informacionlocal.es\/it\/wp-json\/wp\/v2\/types\/post"}],"author":[{"embeddable":true,"href":"https:\/\/informacionlocal.es\/it\/wp-json\/wp\/v2\/users\/1"}],"replies":[{"embeddable":true,"href":"https:\/\/informacionlocal.es\/it\/wp-json\/wp\/v2\/comments?post=20651"}],"version-history":[{"count":0,"href":"https:\/\/informacionlocal.es\/it\/wp-json\/wp\/v2\/posts\/20651\/revisions"}],"wp:featuredmedia":[{"embeddable":true,"href":"https:\/\/informacionlocal.es\/it\/wp-json\/wp\/v2\/media\/20653"}],"wp:attachment":[{"href":"https:\/\/informacionlocal.es\/it\/wp-json\/wp\/v2\/media?parent=20651"}],"wp:term":[{"taxonomy":"category","embeddable":true,"href":"https:\/\/informacionlocal.es\/it\/wp-json\/wp\/v2\/categories?post=20651"},{"taxonomy":"post_tag","embeddable":true,"href":"https:\/\/informacionlocal.es\/it\/wp-json\/wp\/v2\/tags?post=20651"}],"curies":[{"name":"wp","href":"https:\/\/api.w.org\/{rel}","templated":true}]}}