{"id":20619,"date":"2026-04-29T13:02:06","date_gmt":"2026-04-29T12:02:06","guid":{"rendered":"https:\/\/informacionlocal.es\/el-plan-de-empleo-memoria-viva-2025-acondiciona-mas-de-una-quincena-de-espacios-patrimoniales-de-fuerteventura\/"},"modified":"2026-04-29T13:02:06","modified_gmt":"2026-04-29T12:02:06","slug":"el-plan-de-empleo-memoria-viva-2025-acondiciona-mas-de-una-quincena-de-espacios-patrimoniales-de-fuerteventura","status":"publish","type":"post","link":"https:\/\/informacionlocal.es\/it\/el-plan-de-empleo-memoria-viva-2025-acondiciona-mas-de-una-quincena-de-espacios-patrimoniales-de-fuerteventura\/","title":{"rendered":"\ufeffEl plan de empleo \u2018Memoria Viva 2025\u2019 acondiciona m\u00e1s de una quincena de espacios patrimoniales de Fuerteventura"},"content":{"rendered":"<div class=\"entry-content\"><strong>29 abril, 2026<\/strong><\/p>\n<p><em><strong>Los trabajadores y trabajadoras de este plan de empleo contin\u00faan llevando labores de conservaci\u00f3n y rehabilitaci\u00f3n en espacios como museos, centros culturales y otros lugares de inter\u00e9s hist\u00f3rico<\/strong><\/em><\/p>\n<p>Los 17 trabajadores del plan de empleo \u2018Memoria Viva 2025\u2019 del Cabildo de Fuerteventura contin\u00faan mejorando los espacios patrimoniales de todo el territorio insular con labores para su conservaci\u00f3n y rehabilitaci\u00f3n. Desde noviembre de 2025, momento en el que se inici\u00f3 el programa, se han desarrollado trabajos en m\u00e1s de una quincena de espacios, tales como museos, centros culturales y otros lugares de inter\u00e9s hist\u00f3rico.<\/p>\n<p>En el d\u00eda de hoy, la presidenta del Cabildo, Lola Garc\u00eda, y la consejera de Fomento del Empleo, Nuria Cabrera, han realizado una visita a las tareas de conservaci\u00f3n que se hacen en el Molino de la Corte, donde se ha trabajado en tareas de limpieza en el interior, conservaci\u00f3n de elementos de madera, labores de pintura exterior e interior del molino y adecuaci\u00f3n del entorno.<\/p>\n<p>Durante una visita, la presidenta insular, Lola Garc\u00eda, ha puesto en valor un plan de empleo cuya inversi\u00f3n supera los 472.000 euros para ofrecer una oportunidad laboral a casi una veintena de personas, al tiempo que se protegen y cuidan los espacios y bienes patrimoniales de la Isla. \u201cEstamos en un momento en el que debemos hacer un esfuerzo por mostrar de d\u00f3nde venimos y dar a conocer todo este legado, que forma parte de nuestra identidad como isla\u201d.<\/p>\n<p>La consejera de Fomento del Empleo, Nuria Cabrera, ha resaltado el compromiso del Cabildo de Fuerteventura por impulsar pol\u00edticas activas de empleo y ha agradecido la coordinaci\u00f3n con Museos de Fuerteventura para el desarrollo de este programa en espacios pertenecientes a dicha red de museos.\u00a0A trav\u00e9s de la coordinaci\u00f3n con los ayuntamientos, se act\u00faa tambi\u00e9n en otros espacios pertenecientes al patrimonio hist\u00f3rico de los municipios, casas tradicionales, hornos de cal hist\u00f3ricos o antiguas escuelas.<\/p>\n<p>En la visita participaron, adem\u00e1s, el consejero de Museos de Fuerteventura, Rayco Le\u00f3n, y la concejala de Patrimonio del Ayuntamiento de Antigua, Sandra Torres.<\/p>\n<p><strong>Actuaciones<\/strong><\/p>\n<p>Este programa de empleo es cofinanciado entre el Cabildo de Fuerteventura y el Gobierno de Canarias a trav\u00e9s del Fondo de Desarrollo de Canarias (FDCAN). Desde su puesta en marcha, se han ejecutado acciones de obra menor en el Molino y la Molina de Tef\u00eda, en el municipio de Puerto del Rosario, donde se han desarrollado labores de limpieza, pintura interior y exterior, as\u00ed como colocaci\u00f3n de m\u00e1stil.<\/p>\n<p>Tambi\u00e9n se han culminado trabajos en el Molino de El Roque (La Oliva), as\u00ed como el Complejo Cultural Patrimonial de La Ampuyenta (Puerto del Rosario), concretamente en Casa de Fray Andresito, el Hospitalito y Casa Doctor Mena. Tambi\u00e9n se ha trabajado en Faro del Tost\u00f3n, Molino de Villaverde y Cueva del Llano (La Oliva), el Faro de la Entallada (Tuineje), adem\u00e1s de las Casas de Felipito el Feo y en Centro de Interpretaci\u00f3n Poblado de La Atalayita (Antigua).<\/p>\n<p>Durante el mes de marzo, los trabajos se llevaron al Molino de los Llanos de la Concepci\u00f3n (Puerto del Rosario) el Faro de la Entallada (Tuineje) y la Escuela Unitaria de Tesjuate, esta \u00faltima actuaci\u00f3n gracias a la coordinaci\u00f3n con el Ayuntamiento de Puerto del Rosario para la limpieza del exterior, adecuaci\u00f3n del entorno y labores para su consolidaci\u00f3n estructural.<\/p>\n<\/div>\n","protected":false},"excerpt":{"rendered":"<p>29 abril, 2026 Los trabajadores y trabajadoras de este plan de empleo contin\u00faan llevando labores de conservaci\u00f3n y rehabilitaci\u00f3n en espacios como museos, centros culturales y otros lugares de inter\u00e9s [&hellip;]<\/p>\n","protected":false},"author":1,"featured_media":0,"comment_status":"open","ping_status":"open","sticky":false,"template":"","format":"standard","meta":{"inline_featured_image":false,"jnews-multi-image_gallery":[],"jnews_single_post":[],"jnews_primary_category":[],"jnews_social_meta":[],"jnews_override_counter":[],"jnews_post_split":[],"footnotes":""},"categories":[58],"tags":[409,82,65,183],"class_list":["post-20619","post","type-post","status-publish","format-standard","hentry","category-cabildo","tag-conservacion","tag-fuerteventura","tag-municipios","tag-patrimonio"],"jetpack_featured_media_url":"","_links":{"self":[{"href":"https:\/\/informacionlocal.es\/it\/wp-json\/wp\/v2\/posts\/20619","targetHints":{"allow":["GET"]}}],"collection":[{"href":"https:\/\/informacionlocal.es\/it\/wp-json\/wp\/v2\/posts"}],"about":[{"href":"https:\/\/informacionlocal.es\/it\/wp-json\/wp\/v2\/types\/post"}],"author":[{"embeddable":true,"href":"https:\/\/informacionlocal.es\/it\/wp-json\/wp\/v2\/users\/1"}],"replies":[{"embeddable":true,"href":"https:\/\/informacionlocal.es\/it\/wp-json\/wp\/v2\/comments?post=20619"}],"version-history":[{"count":0,"href":"https:\/\/informacionlocal.es\/it\/wp-json\/wp\/v2\/posts\/20619\/revisions"}],"wp:attachment":[{"href":"https:\/\/informacionlocal.es\/it\/wp-json\/wp\/v2\/media?parent=20619"}],"wp:term":[{"taxonomy":"category","embeddable":true,"href":"https:\/\/informacionlocal.es\/it\/wp-json\/wp\/v2\/categories?post=20619"},{"taxonomy":"post_tag","embeddable":true,"href":"https:\/\/informacionlocal.es\/it\/wp-json\/wp\/v2\/tags?post=20619"}],"curies":[{"name":"wp","href":"https:\/\/api.w.org\/{rel}","templated":true}]}}