{"id":20603,"date":"2026-04-28T22:01:46","date_gmt":"2026-04-28T21:01:46","guid":{"rendered":"https:\/\/informacionlocal.es\/puerto-del-rosario-aprueba-definitivamente-la-modificacion-de-la-ordenanza-municipal-de-edificacion-tras-resolver-las-alegaciones-presentadas\/"},"modified":"2026-04-28T22:01:46","modified_gmt":"2026-04-28T21:01:46","slug":"puerto-del-rosario-aprueba-definitivamente-la-modificacion-de-la-ordenanza-municipal-de-edificacion-tras-resolver-las-alegaciones-presentadas","status":"publish","type":"post","link":"https:\/\/informacionlocal.es\/it\/puerto-del-rosario-aprueba-definitivamente-la-modificacion-de-la-ordenanza-municipal-de-edificacion-tras-resolver-las-alegaciones-presentadas\/","title":{"rendered":"Puerto del Rosario aprueba definitivamente la modificaci\u00f3n de la Ordenanza Municipal de Edificaci\u00f3n tras resolver las alegaciones presentadas"},"content":{"rendered":"<div class=\"entry-content\">\n<p><span><strong><em>En Puerto del Rosario, a 28 de abril de 2026.-<\/em><\/strong>El Ayuntamiento de Puerto del Rosario ha aprobado definitivamente la modificaci\u00f3n de la <strong>Ordenanza Municipal de Edificaci\u00f3n<\/strong>, una herramienta clave para mejorar la seguridad jur\u00eddica, agilizar los procedimientos urban\u00edsticos y adaptar la normativa local al marco legislativo auton\u00f3mico vigente.<\/span><\/p>\n<p><span>El acuerdo, adoptado por el Pleno municipal, culmina un proceso iniciado en enero de 2025 y que ha incluido consulta p\u00fablica, aprobaci\u00f3n inicial y un periodo de informaci\u00f3n p\u00fablica en el que se han presentado alegaciones por parte del Colegio Oficial de Arquitectos de Fuerteventura y aportaciones de la Viceconsejer\u00eda de Administraciones y Transparencia del Gobierno de Canarias.<\/span><\/p>\n<p><span>Tras su an\u00e1lisis por los servicios t\u00e9cnicos y jur\u00eddicos municipales, el Ayuntamiento ha procedido a estimar total o parcialmente las alegaciones presentadas, incorporando mejoras al texto definitivo de la ordenanza.<\/span><\/p>\n<p><span>Entre las principales modificaciones introducidas destacan la flexibilizaci\u00f3n de la dotaci\u00f3n de aparcamientos en determinados supuestos, la regulaci\u00f3n m\u00e1s clara de la coexistencia de usos agr\u00edcolas en una misma parcela y la adaptaci\u00f3n de los cerramientos en zonas del litoral conforme a la normativa estatal de costas.<\/span><\/p>\n<p><span>Asimismo, el documento definitivo refuerza el objetivo de homogeneizar criterios interpretativos, facilitar el trabajo de profesionales y t\u00e9cnicos, y reducir los plazos de tramitaci\u00f3n administrativa, contribuyendo a una gesti\u00f3n urban\u00edstica m\u00e1s eficiente y transparente.<\/span><\/p>\n<p><img loading=\"lazy\" decoding=\"async\" loading=\"lazy\" class=\"size-large wp-image-159127 aligncenter\" src=\"https:\/\/informacionlocal.es\/wp-content\/uploads\/2026\/04\/pleno-2-1024x576-1.jpeg\" width=\"1024\" height=\"576\" title=\"pleno-2-1024x576-1\"><\/p>\n<p><span>El alcalde de Puerto del Rosario, <strong>David de Vera<\/strong>, ha se\u00f1alado que <em>\u201cesta ordenanza supone un paso decisivo para dotar al municipio de un marco normativo m\u00e1s claro, moderno y adaptado a la realidad actual. Con esta aprobaci\u00f3n damos seguridad tanto a los ciudadanos como a los profesionales del sector y seguimos progresando en una administraci\u00f3n m\u00e1s \u00e1gil y eficaz\u201d.<\/em><\/span><\/p>\n<p><span>Por su parte, la concejala de Urbanismo, <strong>Ana Hern\u00e1ndez<\/strong>, ha destacado que <em>\u201chemos realizado un trabajo riguroso, escuchando a los colectivos implicados y mejorando el texto inicial con aportaciones que enriquecen la norma. Esta ordenanza permitir\u00e1 simplificar procedimientos, mejorar la calidad de los proyectos y dar respuesta a las necesidades actuales del municipio\u201d.<\/em><\/span><\/p>\n<p><span>La modificaci\u00f3n de la ordenanza responde, adem\u00e1s, a la necesidad de adaptar la normativa municipal a la Ley del Suelo de Canarias y a sus reglamentos de desarrollo, as\u00ed como a los cambios normativos producidos en los \u00faltimos a\u00f1os en materia urban\u00edstica.<\/span><\/p>\n<p><span>El acuerdo ser\u00e1 publicado en el Bolet\u00edn Oficial correspondiente, entrando en vigor tras el plazo legal establecido, consolidando as\u00ed un instrumento fundamental para el desarrollo ordenado y sostenible de Puerto del Rosario.<\/span><\/p>\n<\/div>\n","protected":false},"excerpt":{"rendered":"<p>En Puerto del Rosario, a 28 de abril de 2026.-El Ayuntamiento de Puerto del Rosario ha aprobado definitivamente la modificaci\u00f3n de la Ordenanza Municipal de Edificaci\u00f3n, una herramienta clave para [&hellip;]<\/p>\n","protected":false},"author":1,"featured_media":20605,"comment_status":"open","ping_status":"open","sticky":false,"template":"","format":"standard","meta":{"inline_featured_image":false,"jnews-multi-image_gallery":[],"jnews_single_post":[],"jnews_primary_category":[],"jnews_social_meta":[],"jnews_override_counter":[],"jnews_post_split":[],"footnotes":""},"categories":[61],"tags":[82,363],"class_list":["post-20603","post","type-post","status-publish","format-standard","has-post-thumbnail","hentry","category-puerto-del-rosario","tag-fuerteventura","tag-urbanismo"],"jetpack_featured_media_url":"https:\/\/informacionlocal.es\/wp-content\/uploads\/2026\/04\/pleno-2.png","_links":{"self":[{"href":"https:\/\/informacionlocal.es\/it\/wp-json\/wp\/v2\/posts\/20603","targetHints":{"allow":["GET"]}}],"collection":[{"href":"https:\/\/informacionlocal.es\/it\/wp-json\/wp\/v2\/posts"}],"about":[{"href":"https:\/\/informacionlocal.es\/it\/wp-json\/wp\/v2\/types\/post"}],"author":[{"embeddable":true,"href":"https:\/\/informacionlocal.es\/it\/wp-json\/wp\/v2\/users\/1"}],"replies":[{"embeddable":true,"href":"https:\/\/informacionlocal.es\/it\/wp-json\/wp\/v2\/comments?post=20603"}],"version-history":[{"count":0,"href":"https:\/\/informacionlocal.es\/it\/wp-json\/wp\/v2\/posts\/20603\/revisions"}],"wp:featuredmedia":[{"embeddable":true,"href":"https:\/\/informacionlocal.es\/it\/wp-json\/wp\/v2\/media\/20605"}],"wp:attachment":[{"href":"https:\/\/informacionlocal.es\/it\/wp-json\/wp\/v2\/media?parent=20603"}],"wp:term":[{"taxonomy":"category","embeddable":true,"href":"https:\/\/informacionlocal.es\/it\/wp-json\/wp\/v2\/categories?post=20603"},{"taxonomy":"post_tag","embeddable":true,"href":"https:\/\/informacionlocal.es\/it\/wp-json\/wp\/v2\/tags?post=20603"}],"curies":[{"name":"wp","href":"https:\/\/api.w.org\/{rel}","templated":true}]}}