{"id":20567,"date":"2026-04-28T17:58:23","date_gmt":"2026-04-28T16:58:23","guid":{"rendered":"https:\/\/informacionlocal.es\/la-explanada-municipal-de-morro-jable-acoge-la-celebracion-del-121-aniversario-de-moteros-de-fuerteventura\/"},"modified":"2026-04-28T17:58:23","modified_gmt":"2026-04-28T16:58:23","slug":"la-explanada-municipal-de-morro-jable-acoge-la-celebracion-del-121-aniversario-de-moteros-de-fuerteventura","status":"publish","type":"post","link":"https:\/\/informacionlocal.es\/it\/la-explanada-municipal-de-morro-jable-acoge-la-celebracion-del-121-aniversario-de-moteros-de-fuerteventura\/","title":{"rendered":"La explanada municipal de Morro Jable acoge la celebraci\u00f3n del 12+1 Aniversario de Moteros de Fuerteventura"},"content":{"rendered":"<div class=\"entry-content\">\n<p><b><i>El encuentro se celebrar\u00e1 del 8 al 10 de mayo y reunir\u00e1 a aficionados del motor de toda Canarias<\/i><\/b><\/p>\n<p><span>El Ayuntamiento de P\u00e1jara present\u00f3 este fin de semana el 12+1 Aniversario de Moteros de Fuerteventura, un encuentro que se celebrar\u00e1 del 8 al 10 de mayo, en la explanada municipal de Morro Jable.<\/span><\/p>\n<p><span>El concejal de Deportes, Jos\u00e9 Benito Alonso,\u00a0 anim\u00f3 a la poblaci\u00f3n a no perderse esta cita imprescindible en el calendario deportivo, en donde podr\u00e1n disfrutar de un amplio programa de actividades que combina \u201crutas y m\u00fasica en directo\u201d.<\/span><\/p>\n<p><span>Por su parte, el concejal de Seguridad, Raimundo Dacosta, subray\u00f3 que \u201cse cumplen 13 a\u00f1os del encuentro de moteros. Este gran evento ya se ha consolidado en nuestro municipiocomo un evento de referencia para los amantes del motor y la adrenalina\u201d.\u00a0<\/span><\/p>\n<p><span>La presidenta del Cabildo de Fuerteventura, Lola Garc\u00eda, puso en valor la celebraci\u00f3n de este tipo de iniciativas que \u201c volver\u00e1 a situar a nuestra isla como punto de referencia del calendario motero en Canarias, dinamizando la actividad social y tur\u00edstica\u201d.\u00a0<\/span><\/p>\n<p><span>El presidente de la Asociaci\u00f3n de Moteros, Rub\u00e9n Carnicer, agradeci\u00f3 al Consistorio y al Cabildo insular por la puesta en marcha de un evento que combina deporte y ocio. \u201cAsegura que ese fin de semana se podr\u00e1 disfrutar de un d\u00eda cargado de movimiento y actividad\u201d, se\u00f1al\u00f3.<\/span><\/p>\n<p><b>Programaci\u00f3n<\/b><\/p>\n<p><span>El encuentro arrancar\u00e1 el viernes 8 de mayo, a las 19.00 horas, con una ruta motera inaugural. Esa misma noche, a partir de las 21.00 horas, la m\u00fasica tomar\u00e1 el escenario con las actuaciones de Siroko y Taknara Band.<\/span><\/p>\n<p><span>El s\u00e1bado 9 de mayo, la jornada comenzar\u00e1 con una ruta prevista a las 10.30 horas. Por la noche, a las 21.00 horas, tendr\u00e1n lugar los conciertos de Mejor con copas y Maldita EGB, en una jornada que promete reunir a cientos de asistentes en la explanada municipal.<\/span><\/p>\n<p><span>El encuentro concluir\u00e1 el domingo 10 de mayo con una \u00faltima ruta a las 11.00 horas.Adem\u00e1s de las rutas y conciertos, el encuentro contar\u00e1 con sorteos, sorpresas y un ambiente pensado para el disfrute de los p\u00fablicos, consolidando esta cita como un punto de reuni\u00f3n para el colectivo motero del archipi\u00e9lago.<\/span><\/p>\n<p><img fetchpriority=\"high\" decoding=\"async\" class=\"alignnone size-medium wp-image-21842\" src=\"https:\/\/informacionlocal.es\/wp-content\/uploads\/2026\/04\/121-aniversario-de-moteros-de-fuerteventura-1-300x225-1.jpeg\" width=\"300\" height=\"225\" title=\"121-aniversario-de-moteros-de-fuerteventura-1-300x225-1\"><img decoding=\"async\" class=\"alignnone size-medium wp-image-21843\" src=\"https:\/\/informacionlocal.es\/wp-content\/uploads\/2026\/04\/121-aniversario-de-moteros-de-fuerteventura-300x225-1.jpeg\" width=\"300\" height=\"225\" title=\"121-aniversario-de-moteros-de-fuerteventura-300x225-1\"><\/p>\n<\/div>\n","protected":false},"excerpt":{"rendered":"<p><i>El encuentro se celebrar\u00e1 del 8 al 10 de mayo y reunir\u00e1 a aficionados del motor de toda Canarias<\/i><\/p>\n","protected":false},"author":1,"featured_media":20569,"comment_status":"open","ping_status":"open","sticky":false,"template":"","format":"standard","meta":{"inline_featured_image":false,"jnews-multi-image_gallery":[],"jnews_single_post":[],"jnews_primary_category":[],"jnews_social_meta":[],"jnews_override_counter":[],"jnews_post_split":[],"footnotes":""},"categories":[63],"tags":[82],"class_list":["post-20567","post","type-post","status-publish","format-standard","has-post-thumbnail","hentry","category-pajara","tag-fuerteventura"],"jetpack_featured_media_url":"https:\/\/informacionlocal.es\/wp-content\/uploads\/2026\/04\/121-aniversario-de-moteros-de-fuerteventura-2.jpeg","_links":{"self":[{"href":"https:\/\/informacionlocal.es\/it\/wp-json\/wp\/v2\/posts\/20567","targetHints":{"allow":["GET"]}}],"collection":[{"href":"https:\/\/informacionlocal.es\/it\/wp-json\/wp\/v2\/posts"}],"about":[{"href":"https:\/\/informacionlocal.es\/it\/wp-json\/wp\/v2\/types\/post"}],"author":[{"embeddable":true,"href":"https:\/\/informacionlocal.es\/it\/wp-json\/wp\/v2\/users\/1"}],"replies":[{"embeddable":true,"href":"https:\/\/informacionlocal.es\/it\/wp-json\/wp\/v2\/comments?post=20567"}],"version-history":[{"count":0,"href":"https:\/\/informacionlocal.es\/it\/wp-json\/wp\/v2\/posts\/20567\/revisions"}],"wp:featuredmedia":[{"embeddable":true,"href":"https:\/\/informacionlocal.es\/it\/wp-json\/wp\/v2\/media\/20569"}],"wp:attachment":[{"href":"https:\/\/informacionlocal.es\/it\/wp-json\/wp\/v2\/media?parent=20567"}],"wp:term":[{"taxonomy":"category","embeddable":true,"href":"https:\/\/informacionlocal.es\/it\/wp-json\/wp\/v2\/categories?post=20567"},{"taxonomy":"post_tag","embeddable":true,"href":"https:\/\/informacionlocal.es\/it\/wp-json\/wp\/v2\/tags?post=20567"}],"curies":[{"name":"wp","href":"https:\/\/api.w.org\/{rel}","templated":true}]}}