{"id":20535,"date":"2026-04-28T13:59:37","date_gmt":"2026-04-28T12:59:37","guid":{"rendered":"https:\/\/informacionlocal.es\/por-fin-se-despide-en-directo-un-desmontaje-abierto-al-publico-convierte-el-cierre-en-un-acto-artistico-unico\/"},"modified":"2026-04-28T13:59:37","modified_gmt":"2026-04-28T12:59:37","slug":"por-fin-se-despide-en-directo-un-desmontaje-abierto-al-publico-convierte-el-cierre-en-un-acto-artistico-unico","status":"publish","type":"post","link":"https:\/\/informacionlocal.es\/it\/por-fin-se-despide-en-directo-un-desmontaje-abierto-al-publico-convierte-el-cierre-en-un-acto-artistico-unico\/","title":{"rendered":"\u00a0\u2018Por fin\u2019 se despide en directo: Un desmontaje abierto al p\u00fablico convierte el cierre en un acto art\u00edstico \u00fanico\u00a0"},"content":{"rendered":"<div class=\"entry-content\">\n<p><b><i>El acto se llevar\u00e1 a cabo ma\u00f1ana mi\u00e9rcoles, 29 de abril, a las 17:00 horas, con entrada libre y gratuita para todos los p\u00fablicos<\/i><\/b><\/p>\n<p><span>El Ayuntamiento de P\u00e1jara, a trav\u00e9s del \u00c1rea de Cultura, y en colaboraci\u00f3n con la Asociaci\u00f3n Sociocultural AnimArte, organiza el desmontaje de la exposici\u00f3n colectiva \u2018Por fin\u2019 en el Espacio de las Artes Pepe D\u00e1maso ma\u00f1ana mi\u00e9rcoles, 29 de abril, a las 17:00 horas.<\/span><\/p>\n<p><span>El concejal de Cultura, Jos\u00e9 Benito Alonso, anima a la ciudadan\u00eda a participar en este evento \u00fanico, que comenzar\u00e1 con una visita guiada por los propios artistas participantes. \u201cUna gran y \u00faltima oportunidad que tiene la poblaci\u00f3n para recorrer la muestra de la mano de quienes la crearon, dando cierre a esta exposici\u00f3n\u201d, se\u00f1ala.<\/span><\/p>\n<p><span>\u201cEs un acto que normalmente ocurre a puerta cerrada y quisimos abrirlo\u201d, explica Luciano Colucci, comisario de la exposici\u00f3n y presidente de AnimArte. \u201cQue el p\u00fablico sea testigo del desmontaje es una forma de completar el ciclo: la obra nace en el taller, vive en la sala y se despide ante quienes la han acompa\u00f1ado\u201d, subraya.<\/span><\/p>\n<p><span>Por su parte, el alcalde, Alejandro Jorge, manifiesta \u201csu reconocimiento a todos los artistas que han participado en esta magn\u00edfica exposici\u00f3n\u00bb y que ha puesto de relieve el \u201cgran talento que tenemos en la isla de Fuerteventura\u201d.<\/span><\/p>\n<p><span>\u2018Por fin\u2019, inaugurada el 13 de marzo en el Espacio Pepe D\u00e1maso, ha reunido a 25 artistas de distintas disciplinas en torno a un mismo impulso: el momento en que la obra abandona la intimidad del taller para encontrarse con la mirada del otro. El acto del 29 de abril cierra con entrada libre y gratuita.<\/span><\/p>\n<\/div>\n","protected":false},"excerpt":{"rendered":"<p><i>El acto se llevar\u00e1 a cabo ma\u00f1ana mi\u00e9rcoles, 29 de abril, a las 17:00 horas, con entrada libre y gratuita para todos los p\u00fablicos<\/i><\/p>\n","protected":false},"author":1,"featured_media":20537,"comment_status":"open","ping_status":"open","sticky":false,"template":"","format":"standard","meta":{"inline_featured_image":false,"jnews-multi-image_gallery":[],"jnews_single_post":[],"jnews_primary_category":[],"jnews_social_meta":[],"jnews_override_counter":[],"jnews_post_split":[],"footnotes":""},"categories":[63],"tags":[82],"class_list":["post-20535","post","type-post","status-publish","format-standard","has-post-thumbnail","hentry","category-pajara","tag-fuerteventura"],"jetpack_featured_media_url":"https:\/\/informacionlocal.es\/wp-content\/uploads\/2026\/04\/651721242_1228826569421370_3582595586162856875_n.jpg","_links":{"self":[{"href":"https:\/\/informacionlocal.es\/it\/wp-json\/wp\/v2\/posts\/20535","targetHints":{"allow":["GET"]}}],"collection":[{"href":"https:\/\/informacionlocal.es\/it\/wp-json\/wp\/v2\/posts"}],"about":[{"href":"https:\/\/informacionlocal.es\/it\/wp-json\/wp\/v2\/types\/post"}],"author":[{"embeddable":true,"href":"https:\/\/informacionlocal.es\/it\/wp-json\/wp\/v2\/users\/1"}],"replies":[{"embeddable":true,"href":"https:\/\/informacionlocal.es\/it\/wp-json\/wp\/v2\/comments?post=20535"}],"version-history":[{"count":0,"href":"https:\/\/informacionlocal.es\/it\/wp-json\/wp\/v2\/posts\/20535\/revisions"}],"wp:featuredmedia":[{"embeddable":true,"href":"https:\/\/informacionlocal.es\/it\/wp-json\/wp\/v2\/media\/20537"}],"wp:attachment":[{"href":"https:\/\/informacionlocal.es\/it\/wp-json\/wp\/v2\/media?parent=20535"}],"wp:term":[{"taxonomy":"category","embeddable":true,"href":"https:\/\/informacionlocal.es\/it\/wp-json\/wp\/v2\/categories?post=20535"},{"taxonomy":"post_tag","embeddable":true,"href":"https:\/\/informacionlocal.es\/it\/wp-json\/wp\/v2\/tags?post=20535"}],"curies":[{"name":"wp","href":"https:\/\/api.w.org\/{rel}","templated":true}]}}