{"id":20489,"date":"2026-04-27T15:00:40","date_gmt":"2026-04-27T14:00:40","guid":{"rendered":"https:\/\/informacionlocal.es\/caminando-en-igualdad-finaliza-las-rutas-en-antigua\/"},"modified":"2026-04-27T15:00:40","modified_gmt":"2026-04-27T14:00:40","slug":"caminando-en-igualdad-finaliza-las-rutas-en-antigua","status":"publish","type":"post","link":"https:\/\/informacionlocal.es\/it\/caminando-en-igualdad-finaliza-las-rutas-en-antigua\/","title":{"rendered":"Caminando en Igualdad finaliza las rutas en Antigua"},"content":{"rendered":"<div class=\"elementor-widget-container\">\n<p><strong>Caminando en Igualdad finaliza las rutas en Antigua<\/strong><\/p>\n<p><strong>\u2022 La respuesta de participaci\u00f3n impulsa la pr\u00f3xima organizaci\u00f3n de un nuevo plan de caminatas de convivencia en el Municipio.<\/strong><\/p>\n<p>La hoja de ruta Caminando en Igualdad, organizada por el Ayuntamiento de Antigua desde la concejal\u00eda de Servicios Sociales en el marco de celebraci\u00f3n del D\u00eda de la Mujer y por una sociedad en igualdad, ha tenido una magn\u00edfica respuesta, valorando organizar una nueva convocatoria, afirma la concejala Am\u00e9rica Soto Betancor.<\/p>\n<p>En cada inscripci\u00f3n de ruta, siempre se ha dado preferencia a las personas mayores de 60 a\u00f1os empadronadas en el Municipio, detalla la concejala, lo que no ha impedido la participaci\u00f3n de otros vecinos y vecinas interesadas.<\/p>\n<p>El temporal Teresa oblig\u00f3 a emplazar a este fin de semana pasado, la ruta por el barranco de Garabato que pone fin a esta exitosa iniciativa de la concejal\u00eda de Servicios Sociales, afirma el alcalde, Mat\u00edas Pe\u00f1a, que destaca las numerosas actividades formativas, de ocio, o de envejecimiento activo que organiza y ofrece siempre el ayuntamiento de forma gratuita a todos los vecinos y las vecinas del Municipio.<\/p>\n<p>Actividades que se complementan a su vez con las organizadas diariamente en el Centro de Mayores de Antigua o en cada centro cultural en los pueblos, y a las que animo a participar, y a\u00f1ade el alcalde, Caminando en Igualdad no s\u00f3lo ha sido una magn\u00edfica cita saludable y accesible, sino que ha conmemorado valores tambi\u00e9n saludables para nuestra convivencia como la igualdad, inclusividad y el respeto.<\/p>\n<p>Un programa de Rutas Caminando en Igualdad, organizado por el Ayuntamiento de Antigua desde la concejal\u00eda de Servicios Sociales con la colaboraci\u00f3n de la consejer\u00eda insular de \u00e1rea del Cabildo de Fuerteventura.<\/p>\n<p>\u00a0<\/p>\n<\/div>\n","protected":false},"excerpt":{"rendered":"<p><strong>Caminando en Igualdad finaliza las rutas en Antigua<\/strong><\/p>\n","protected":false},"author":1,"featured_media":20491,"comment_status":"open","ping_status":"open","sticky":false,"template":"","format":"standard","meta":{"inline_featured_image":false,"jnews-multi-image_gallery":[],"jnews_single_post":[],"jnews_primary_category":[],"jnews_social_meta":[],"jnews_override_counter":[],"jnews_post_split":[],"footnotes":""},"categories":[59],"tags":[82],"class_list":["post-20489","post","type-post","status-publish","format-standard","has-post-thumbnail","hentry","category-antigua","tag-fuerteventura"],"jetpack_featured_media_url":"https:\/\/informacionlocal.es\/wp-content\/uploads\/2026\/04\/finalizadas-plan-de-caminatas9.jpeg","_links":{"self":[{"href":"https:\/\/informacionlocal.es\/it\/wp-json\/wp\/v2\/posts\/20489","targetHints":{"allow":["GET"]}}],"collection":[{"href":"https:\/\/informacionlocal.es\/it\/wp-json\/wp\/v2\/posts"}],"about":[{"href":"https:\/\/informacionlocal.es\/it\/wp-json\/wp\/v2\/types\/post"}],"author":[{"embeddable":true,"href":"https:\/\/informacionlocal.es\/it\/wp-json\/wp\/v2\/users\/1"}],"replies":[{"embeddable":true,"href":"https:\/\/informacionlocal.es\/it\/wp-json\/wp\/v2\/comments?post=20489"}],"version-history":[{"count":0,"href":"https:\/\/informacionlocal.es\/it\/wp-json\/wp\/v2\/posts\/20489\/revisions"}],"wp:featuredmedia":[{"embeddable":true,"href":"https:\/\/informacionlocal.es\/it\/wp-json\/wp\/v2\/media\/20491"}],"wp:attachment":[{"href":"https:\/\/informacionlocal.es\/it\/wp-json\/wp\/v2\/media?parent=20489"}],"wp:term":[{"taxonomy":"category","embeddable":true,"href":"https:\/\/informacionlocal.es\/it\/wp-json\/wp\/v2\/categories?post=20489"},{"taxonomy":"post_tag","embeddable":true,"href":"https:\/\/informacionlocal.es\/it\/wp-json\/wp\/v2\/tags?post=20489"}],"curies":[{"name":"wp","href":"https:\/\/api.w.org\/{rel}","templated":true}]}}