{"id":20471,"date":"2026-04-27T12:03:13","date_gmt":"2026-04-27T11:03:13","guid":{"rendered":"https:\/\/informacionlocal.es\/el-cabildo-destina-100-000-euros-a-la-celebracion-de-la-37o-feria-insular-de-artesania\/"},"modified":"2026-04-27T12:03:13","modified_gmt":"2026-04-27T11:03:13","slug":"el-cabildo-destina-100-000-euros-a-la-celebracion-de-la-37o-feria-insular-de-artesania","status":"publish","type":"post","link":"https:\/\/informacionlocal.es\/it\/el-cabildo-destina-100-000-euros-a-la-celebracion-de-la-37o-feria-insular-de-artesania\/","title":{"rendered":"\ufeffEl Cabildo destina 100.000 euros a la celebraci\u00f3n de la 37\u00ba Feria Insular de Artesan\u00eda"},"content":{"rendered":"<div class=\"entry-content\"><strong>27 abril, 2026<\/strong><\/p>\n<p><em><strong>El stand de la Corporaci\u00f3n insular estar\u00e1 dedicado a la sombrerer\u00eda tradicional majorera<\/strong><\/em><\/p>\n<p><em><strong>La presidenta Lola Garc\u00eda y la consejera de Artesan\u00eda, Lolina Negr\u00edn, felicitan al Premio Insular de Artesan\u00eda 2026 Bernhard Glauser<\/strong><\/em><\/p>\n<p>El Cabildo de Fuerteventura destina 100.000<br \/>\neuros a la celebraci\u00f3n de la XXXVII Feria Insular de Artesan\u00eda que tendr\u00e1 lugar<br \/>\ndel 7 a 10 de mayo en Antigua. Una financiaci\u00f3n necesaria para la organizaci\u00f3n<br \/>\ndel evento en el que participar\u00e1n m\u00e1s de 200 artesanos y artesanas de toda la<br \/>\nIsla.<\/p>\n<p>En la recta final de los preparativos de la<br \/>\nFeria Insular de Artesan\u00eda, este convenio permite la celebraci\u00f3n de un evento<br \/>\nreconocido a nivel insular y regional, que organizan el Ayuntamiento de Antigua<br \/>\ny Colectivo Mafasca. <\/p>\n<p>Tanto la presidenta del Cabildo, Lola Garc\u00eda,<br \/>\ncomo la consejera de Artesan\u00eda, Lolina Negr\u00edn, destacan el compromiso con la<br \/>\nferia por parte del Cabildo, que desde hace tres a\u00f1os ha duplicado su<br \/>\naportaci\u00f3n hasta llegar a los 100.000 euros, fomentando la promoci\u00f3n y<br \/>\ncomercializaci\u00f3n de los productos artesanos majoreros, as\u00ed como la divulgaci\u00f3n<br \/>\nde los conocimientos, t\u00e9cnicas y destrezas propias de estas disciplinas, que<br \/>\nforman parte del patrimonio cultural de Fuerteventura. Asimismo, Garc\u00eda y<br \/>\nNegr\u00edn felicitan al orfebre y joyero artesano Bernhard Glauser, que recibe el<br \/>\nPremio Insular de Artesan\u00eda 2026 por sus tres d\u00e9cadas dedicadas a este oficio.<br \/>\nUnas obras que reflejan los encantos paisaj\u00edsticos y los contrastes de la Isla<br \/>\nde Fuerteventura.<\/p>\n<p><strong>Stand del Cabildo<\/strong><\/p>\n<p>La Consejer\u00eda de Artesan\u00eda del Cabildo de<br \/>\nFuerteventura ultima los preparativos, adem\u00e1s, de su stand institucional, que<br \/>\neste a\u00f1o est\u00e1 dedicado a la sombrerer\u00eda tradicional majorera. Este espacio<br \/>\nexpondr\u00e1 una selecci\u00f3n de piezas procedentes de su fondo etnogr\u00e1fico, as\u00ed como<br \/>\nsombreros realizados por alumnado del curso de sombrerer\u00eda tradicional del<br \/>\nprograma EnRedArte, cuyo trabajo refleja la recuperaci\u00f3n y puesta en valor de<br \/>\neste oficio hist\u00f3rico de la isla. Para Lolina Negr\u00edn, \u201ces importante difundir<br \/>\nlos valores de nuestra sombrerer\u00eda tradicional, que forma parte de nuestra<br \/>\nidentidad y cada pieza expuesta representa el talento y la dedicaci\u00f3n de<br \/>\nnuestro sector artesano\u201d.<\/p>\n<p>La programaci\u00f3n de la Feria Insular de<br \/>\nArtesan\u00eda incluye, adem\u00e1s, el acto de presentaci\u00f3n del proyecto de inventario y<br \/>\ncatalogaci\u00f3n de la obra del maestro ebanista Jos\u00e9 Meli\u00e1n Mart\u00edn. Un trabajo de<br \/>\nla Consejer\u00eda de Artesan\u00eda que pone en valor la figura de Jos\u00e9 Meli\u00e1n y que ha<br \/>\nsido realizado y coordinado el conservador Lorenzo Mateo Casta\u00f1eyra. <\/p>\n<\/div>\n","protected":false},"excerpt":{"rendered":"<p>27 abril, 2026 El stand de la Corporaci\u00f3n insular estar\u00e1 dedicado a la sombrerer\u00eda tradicional majorera La presidenta Lola Garc\u00eda y la consejera de Artesan\u00eda, Lolina Negr\u00edn, felicitan al Premio [&hellip;]<\/p>\n","protected":false},"author":1,"featured_media":20473,"comment_status":"open","ping_status":"open","sticky":false,"template":"","format":"standard","meta":{"inline_featured_image":false,"jnews-multi-image_gallery":[],"jnews_single_post":[],"jnews_primary_category":[],"jnews_social_meta":[],"jnews_override_counter":[],"jnews_post_split":[],"footnotes":""},"categories":[58],"tags":[82],"class_list":["post-20471","post","type-post","status-publish","format-standard","has-post-thumbnail","hentry","category-cabildo","tag-fuerteventura"],"jetpack_featured_media_url":"https:\/\/informacionlocal.es\/wp-content\/uploads\/2026\/04\/aefd.jpeg","_links":{"self":[{"href":"https:\/\/informacionlocal.es\/it\/wp-json\/wp\/v2\/posts\/20471","targetHints":{"allow":["GET"]}}],"collection":[{"href":"https:\/\/informacionlocal.es\/it\/wp-json\/wp\/v2\/posts"}],"about":[{"href":"https:\/\/informacionlocal.es\/it\/wp-json\/wp\/v2\/types\/post"}],"author":[{"embeddable":true,"href":"https:\/\/informacionlocal.es\/it\/wp-json\/wp\/v2\/users\/1"}],"replies":[{"embeddable":true,"href":"https:\/\/informacionlocal.es\/it\/wp-json\/wp\/v2\/comments?post=20471"}],"version-history":[{"count":0,"href":"https:\/\/informacionlocal.es\/it\/wp-json\/wp\/v2\/posts\/20471\/revisions"}],"wp:featuredmedia":[{"embeddable":true,"href":"https:\/\/informacionlocal.es\/it\/wp-json\/wp\/v2\/media\/20473"}],"wp:attachment":[{"href":"https:\/\/informacionlocal.es\/it\/wp-json\/wp\/v2\/media?parent=20471"}],"wp:term":[{"taxonomy":"category","embeddable":true,"href":"https:\/\/informacionlocal.es\/it\/wp-json\/wp\/v2\/categories?post=20471"},{"taxonomy":"post_tag","embeddable":true,"href":"https:\/\/informacionlocal.es\/it\/wp-json\/wp\/v2\/tags?post=20471"}],"curies":[{"name":"wp","href":"https:\/\/api.w.org\/{rel}","templated":true}]}}