{"id":1960,"date":"2025-04-14T17:46:21","date_gmt":"2025-04-14T17:46:21","guid":{"rendered":"https:\/\/informacionlocal.es\/prodotti-locali-sport-e-gastronomia-saranno-i-protagonisti-di-paladea-2025\/"},"modified":"2025-04-14T17:46:21","modified_gmt":"2025-04-14T17:46:21","slug":"prodotti-locali-sport-e-gastronomia-saranno-i-protagonisti-di-paladea-2025","status":"publish","type":"post","link":"https:\/\/informacionlocal.es\/it\/prodotti-locali-sport-e-gastronomia-saranno-i-protagonisti-di-paladea-2025\/","title":{"rendered":"Prodotti locali, sport e gastronomia saranno i protagonisti di PALADEA 2025."},"content":{"rendered":"<p>Il Comune di La Oliva, attraverso il Dipartimento dello Sport, diretto da Gleiber Carre\u00f1o, presenta la nuova edizione di PALADEA Fuerteventura dal 7 all&#8217;11 maggio. Organizzato dal Caima Sports Club e in collaborazione con il Cabildo di Fuerteventura, Promotur del Governo delle Isole Canarie e l&#8217;Ente del Turismo di Fuerteventura, il Comune promette un&#8217;esperienza unica all&#8217;insegna dello slogan &#8220;Prodotti della nostra terra che sono l\u00ec per essere mangiati&#8221;.   <\/p>\n<p>Tradizione e creativit\u00e0 diventano protagoniste della cucina per 5 giorni in cui gastronomia, natura e sport si fondono per dare vita a un evento unico sull&#8217;isola. In termini di gastronomia, questa edizione offrir\u00e0 un&#8217;agenda variegata di showcooking con la presenza di chef rinomati come Alberto Mar\u00edn venerd\u00ec 9 maggio. Sabato 10 maggio, lo chef stellato V\u00edctor Su\u00e1rez condivider\u00e0 con il pubblico le sue migliori tecniche culinarie, insieme ad altri rinomati professionisti come \u00c1ngel Lirio, Yareli P\u00e9rez Vera e Jorge Carballeira. Inoltre, Marcos Guti\u00e9rrez sar\u00e0 responsabile di uno showcooking specializzato in pesce salato.     <\/p>\n<p>Si distingueranno anche altre attivit\u00e0 come il concorso di mojo pic\u00f3n e il concorso di stufato di puchero majorero, sotto la gestione dell&#8217;Associazione Fuertegourmet, che metteranno al centro dell&#8217;evento ricette tradizionali che evocano i piatti di una volta. L&#8217;evento includer\u00e0 anche il rinomato concorso di tapas, dove la creativit\u00e0 e il gusto saranno premiati con premi come Tapa de Oro, Tapa de Plata, Tapa de Bronce e Tapa del P\u00fablico.   <\/p>\n<p>L&#8217;evento prevede anche un&#8217;esposizione di pellet di gofio e una giornata dedicata ai nostri anziani, in cui verranno proposte nuove versioni dei soliti piatti locali, utilizzando prodotti a chilometro zero. Non mancheranno le attivit\u00e0 per i bambini, come i laboratori di cucina di PALADEA Kid e le esperienze gastronomiche per gli studenti delle scuole elementari attraverso PALADEA Colegios.   <\/p>\n<p>Non mancheranno nemmeno le bevande, con una degustazione di birra Victoria, vini delle cantine Tindama de La Oliva, Arautaba di Tenerife e Piedras de San Pedro della Riviera del Duero. PALADEA porter\u00e0 anche una masterclass sul rum Arehucas e una sessione sul mondo del gin tonic a cura di Royal Bliss tonic.   <\/p>\n<p>Per quanto riguarda lo sport, ci saranno vari eventi come una gara di mountain bike di 44 km, un trail di 32 km, un percorso escursionistico di 10 km da Los Lajares a Villaverde e due esibizioni di parkour. Allo stesso tempo, il mercato dell&#8217;artigianato offrir\u00e0 prodotti locali e creazioni artigianali. Per finire, l&#8217;atmosfera sar\u00e0 avvolta dalla musica dal vivo con la partecipazione di gruppi come Los 600, Los Aseres, Escuela de Calor, Dj Maxi e Tributo a Sabina &#8211; 500 Noches Banda, tra gli altri.  <\/p>\n<p>Il sindaco di La Oliva, Isa\u00ed Blanco, sottolinea la rilevanza che l&#8217;evento ha acquisito negli ultimi anni: &#8220;PALADEA \u00e8 riuscita a diventare un punto di riferimento nel settore della gastronomia e dello sport non solo nell&#8217;isola, ma anche nella provincia di Las Palmas. Per questo motivo, riteniamo di vitale importanza continuare a sostenere le nostre tradizioni culinarie, i prodotti locali e i nostri sportivi in un evento unico nel nostro comune&#8221;.<\/p>\n<p>Da parte sua, la presidente del Consiglio dell&#8217;Isola di Fuerteventura, Lola Garc\u00eda, sottolinea la collaborazione del Consiglio dell&#8217;Isola di Fuerteventura in un evento gi\u00e0 consolidato che unisce lo sport alla musica e alla buona gastronomia. &#8220;Siamo orgogliosi di invitare tutta la popolazione a degustare il meglio dei nostri prodotti locali&#8221;. <\/p>\n<p>Infine, l&#8217;assessore allo Sport, Gleiber Carre\u00f1o, sottolinea: &#8220;PALADEA pone l&#8217;accento sullo sport a La Oliva seguendo l&#8217;approccio di promozione del turismo sportivo nel comune. L&#8217;obiettivo \u00e8 ricordare, ancora una volta, che lo sport e il gusto per le nostre tradizioni fanno parte del DNA di La Oliva&#8221;.<\/p>\n","protected":false},"excerpt":{"rendered":"<p><span>Con lo slogan &#8220;Prodotti della nostra terra che sono l\u00ec per essere mangiati&#8221;, il Concistoro promuove la sesta edizione della gi\u00e0 consolidata manifestazione che promette di continuare a lasciare il segno con il meglio della tradizione e dell&#8217;innovazione nel settore culinario e sportivo del Comune.<\/span><\/p>\n","protected":false},"author":1,"featured_media":1956,"comment_status":"open","ping_status":"open","sticky":false,"template":"","format":"standard","meta":{"inline_featured_image":false,"jnews-multi-image_gallery":[],"jnews_single_post":[],"jnews_primary_category":[],"jnews_social_meta":[],"jnews_override_counter":[],"jnews_post_split":[],"footnotes":""},"categories":[292],"tags":[223],"class_list":["post-1960","post","type-post","status-publish","format-standard","has-post-thumbnail","hentry","category-la-oliva-it","tag-fuerteventura-it"],"jetpack_featured_media_url":"https:\/\/informacionlocal.es\/wp-content\/uploads\/2025\/04\/5188_e17e8247.png","_links":{"self":[{"href":"https:\/\/informacionlocal.es\/it\/wp-json\/wp\/v2\/posts\/1960","targetHints":{"allow":["GET"]}}],"collection":[{"href":"https:\/\/informacionlocal.es\/it\/wp-json\/wp\/v2\/posts"}],"about":[{"href":"https:\/\/informacionlocal.es\/it\/wp-json\/wp\/v2\/types\/post"}],"author":[{"embeddable":true,"href":"https:\/\/informacionlocal.es\/it\/wp-json\/wp\/v2\/users\/1"}],"replies":[{"embeddable":true,"href":"https:\/\/informacionlocal.es\/it\/wp-json\/wp\/v2\/comments?post=1960"}],"version-history":[{"count":0,"href":"https:\/\/informacionlocal.es\/it\/wp-json\/wp\/v2\/posts\/1960\/revisions"}],"wp:featuredmedia":[{"embeddable":true,"href":"https:\/\/informacionlocal.es\/it\/wp-json\/wp\/v2\/media\/1956"}],"wp:attachment":[{"href":"https:\/\/informacionlocal.es\/it\/wp-json\/wp\/v2\/media?parent=1960"}],"wp:term":[{"taxonomy":"category","embeddable":true,"href":"https:\/\/informacionlocal.es\/it\/wp-json\/wp\/v2\/categories?post=1960"},{"taxonomy":"post_tag","embeddable":true,"href":"https:\/\/informacionlocal.es\/it\/wp-json\/wp\/v2\/tags?post=1960"}],"curies":[{"name":"wp","href":"https:\/\/api.w.org\/{rel}","templated":true}]}}