{"id":1936,"date":"2025-04-14T17:37:18","date_gmt":"2025-04-14T17:37:18","guid":{"rendered":"https:\/\/informacionlocal.es\/piu-di-300-bambini-di-pajara-acquisiscono-buone-pratiche-di-convivenza-con-il-progetto-el-rincon-de-los-buenos-tratos-langolo-del-buon-trattamento\/"},"modified":"2025-04-14T17:37:18","modified_gmt":"2025-04-14T17:37:18","slug":"piu-di-300-bambini-di-pajara-acquisiscono-buone-pratiche-di-convivenza-con-il-progetto-el-rincon-de-los-buenos-tratos-langolo-del-buon-trattamento","status":"publish","type":"post","link":"https:\/\/informacionlocal.es\/it\/piu-di-300-bambini-di-pajara-acquisiscono-buone-pratiche-di-convivenza-con-il-progetto-el-rincon-de-los-buenos-tratos-langolo-del-buon-trattamento\/","title":{"rendered":"Pi\u00f9 di 300 bambini di P\u00e1jara acquisiscono buone pratiche di convivenza con il progetto &#8220;El Rinc\u00f3n de los Buenos Tratos&#8221; (L&#8217;angolo del buon trattamento)."},"content":{"rendered":"<div class=\"entry-content\">\n<p><b><i>L&#8217;assessore Kathaisa Rodr\u00edguez \u00e8 impegnata nella prevenzione e nell&#8217;educazione emotiva come base per una societ\u00e0 libera dalla violenza.  <\/i><\/b><\/p>\n<p><span>Il Comune di P\u00e1jara, attraverso il Dipartimento dei Servizi Sociali e il suo programma per le donne, ha portato a termine con successo il progetto &#8220;El Rinc\u00f3n de los Buenos Tratos&#8221; (L&#8217;angolo del buon trattamento), un&#8217;iniziativa di prevenzione della violenza che \u00e8 stata realizzata nelle scuole del comune e che ha ricevuto un finanziamento dal Patto di Stato contro la violenza di genere.  <\/span><\/p>\n<p><span>L&#8217;assessore ai Servizi sociali, Kathaisa Rodr\u00edguez, ha sottolineato che con questo progetto &#8220;ci impegniamo nella prevenzione come strumento fondamentale per costruire una societ\u00e0 pi\u00f9 giusta, egualitaria e libera dalla violenza&#8221;. Ha inoltre sottolineato che &#8220;314 giovani delle sei scuole materne ed elementari e della scuola secondaria del Comune hanno partecipato ai laboratori&#8221;. <\/span><\/p>\n<p><span>L&#8217;assessore ha inoltre ribadito l&#8217;impegno del governo nei confronti dei bambini e dei giovani del comune. &#8220;Attraverso iniziative che rafforzano l&#8217;empatia, l&#8217;autostima e il rispetto. Progetti come questo rafforzano le basi per una societ\u00e0 pi\u00f9 egualitaria e priva di violenza&#8221;, ha osservato.   <\/span><\/p>\n<p><span>L&#8217;attivit\u00e0 \u00e8 stata condotta dalla professionista Marta Caballero, direttrice di &#8220;Un lugar en calma&#8221;, e ha visto la partecipazione attiva di donne del comune, che hanno condiviso con gli studenti le loro esperienze su come erano le relazioni e la vita comunitaria in altri tempi. Queste donne erano Mar\u00eda Franc\u00e9s Morales, Juana P\u00e9rez Hern\u00e1ndez, Josefa Ramos Betancor, Rosario Rodr\u00edguez Placeres, Mar\u00eda Cayetana Rodr\u00edguez Rodr\u00edguez, Juana Cabrera Cabrera e Mar\u00eda del Pilar Vega Santana.   <\/span><\/p>\n<p><span>Il Dipartimento sottolinea l&#8217;ottima accoglienza che questo progetto ha ricevuto da parte di studenti, insegnanti e famiglie, consolidando &#8220;El Rinc\u00f3n de los Buenos Tratos&#8221; come efficace strumento di prevenzione, formazione e sensibilizzazione.  <\/span><\/p>\n<div>Condividi<\/div>\n<\/div>\n","protected":false},"excerpt":{"rendered":"<p><i>L&#8217;assessore Kathaisa Rodr\u00edguez \u00e8 impegnata nella prevenzione e nell&#8217;educazione emotiva come base per una societ\u00e0 libera dalla violenza.  <\/i><\/p>\n","protected":false},"author":1,"featured_media":1932,"comment_status":"open","ping_status":"open","sticky":false,"template":"","format":"standard","meta":{"inline_featured_image":false,"jnews-multi-image_gallery":[],"jnews_single_post":[],"jnews_primary_category":[],"jnews_social_meta":[],"jnews_override_counter":[],"jnews_post_split":[],"footnotes":""},"categories":[298],"tags":[309],"class_list":["post-1936","post","type-post","status-publish","format-standard","has-post-thumbnail","hentry","category-pajara-it","tag-educacion-it"],"jetpack_featured_media_url":"https:\/\/informacionlocal.es\/wp-content\/uploads\/2025\/04\/el-rincon-de-los-buenos-tratos-2-e1744629356758.png","_links":{"self":[{"href":"https:\/\/informacionlocal.es\/it\/wp-json\/wp\/v2\/posts\/1936","targetHints":{"allow":["GET"]}}],"collection":[{"href":"https:\/\/informacionlocal.es\/it\/wp-json\/wp\/v2\/posts"}],"about":[{"href":"https:\/\/informacionlocal.es\/it\/wp-json\/wp\/v2\/types\/post"}],"author":[{"embeddable":true,"href":"https:\/\/informacionlocal.es\/it\/wp-json\/wp\/v2\/users\/1"}],"replies":[{"embeddable":true,"href":"https:\/\/informacionlocal.es\/it\/wp-json\/wp\/v2\/comments?post=1936"}],"version-history":[{"count":0,"href":"https:\/\/informacionlocal.es\/it\/wp-json\/wp\/v2\/posts\/1936\/revisions"}],"wp:featuredmedia":[{"embeddable":true,"href":"https:\/\/informacionlocal.es\/it\/wp-json\/wp\/v2\/media\/1932"}],"wp:attachment":[{"href":"https:\/\/informacionlocal.es\/it\/wp-json\/wp\/v2\/media?parent=1936"}],"wp:term":[{"taxonomy":"category","embeddable":true,"href":"https:\/\/informacionlocal.es\/it\/wp-json\/wp\/v2\/categories?post=1936"},{"taxonomy":"post_tag","embeddable":true,"href":"https:\/\/informacionlocal.es\/it\/wp-json\/wp\/v2\/tags?post=1936"}],"curies":[{"name":"wp","href":"https:\/\/api.w.org\/{rel}","templated":true}]}}