{"id":1922,"date":"2025-04-14T17:34:59","date_gmt":"2025-04-14T17:34:59","guid":{"rendered":"https:\/\/informacionlocal.es\/ampio-programma-culturale-durante-la-settimana-letteraria-di-la-oliva\/"},"modified":"2025-04-14T17:34:59","modified_gmt":"2025-04-14T17:34:59","slug":"ampio-programma-culturale-durante-la-settimana-letteraria-di-la-oliva","status":"publish","type":"post","link":"https:\/\/informacionlocal.es\/it\/ampio-programma-culturale-durante-la-settimana-letteraria-di-la-oliva\/","title":{"rendered":"Ampio programma culturale durante la Settimana letteraria di La Oliva"},"content":{"rendered":"<p>Il Municipio di La Oliva presenta, attraverso l&#8217;Assessorato alla Cultura, guidato da David Hern\u00e1ndez, in collaborazione con l&#8217;Istituto Canario per lo Sviluppo Culturale, l&#8217;agenda culturale della Settimana del Libro. Dal 21 al 27 aprile, il comune si riempir\u00e0 di una serie di attivit\u00e0 per promuovere la lettura e l&#8217;amore per i libri per tutte le et\u00e0. Cos\u00ec, proposte come lo spettacolo teatrale &#8220;Panza de Burro&#8221; della compagnia Deliriumteatro, il laboratorio &#8220;Neurocuentos&#8221; di Javier Bolea o il teatro per bambini &#8220;Flores \u00bfA qu\u00e9 suena la naturaleza?&#8221; per bambini da 0 anni della casa di produzione Vanboon Producciones, sono alcune delle attivit\u00e0 che si potranno godere durante questa settimana dedicata all&#8217;amore per la letteratura.  <\/p>\n<p>Altri momenti salienti saranno lo spettacolo &#8220;Chiquitita de musical ABBA de Coraz\u00f3n Azul&#8221; e la presentazione del libro &#8220;El noble arte de morir&#8221; di Esteban San Juan. Inoltre, i centri culturali del Comune accompagneranno questa settimana con un ampio programma di attivit\u00e0, come mostre, laboratori e masterclass di scrittura, tra gli altri.   <\/p>\n<p>Il sindaco di La Oliva, Isa\u00ed Blanco, afferma: &#8220;La Settimana letteraria \u00e8 una grande opportunit\u00e0 per godere della letteratura. L&#8217;ampia gamma di attivit\u00e0 culturali offerte dal Dipartimento di Cultura promuove il gusto per la lettura dai pi\u00f9 piccoli ai pi\u00f9 adulti. Pertanto, incoraggiamo tutti i residenti del Comune a partecipare a qualsiasi attivit\u00e0 per imparare, conoscere e continuare a promuovere il mondo letterario tra la nostra popolazione&#8221;.<\/p>\n<p>L&#8217;Assessore alla Cultura, David Hern\u00e1ndez, ha dichiarato: &#8220;La Settimana del Giorno del Libro \u00e8 un&#8217;opportunit\u00e0 per condividere il nostro entusiasmo per la letteratura, per scoprire nuovi autori, nuove proposte e per vedere che sempre pi\u00f9 persone sono interessate alla letteratura. Questo evento si svolge in diversi spazi culturali come l&#8217;Auditorium comunale di Corralejo, la Biblioteca comunale di Corralejo, i centri culturali, ecc.  <\/p>\n<p>Si noti che gli spettacoli hanno una capienza limitata. Per ulteriori informazioni sui biglietti e sull&#8217;agenda culturale, si prega di contattare direttamente il Dipartimento Cultura del Comune di La Oliva. <\/p>\n","protected":false},"excerpt":{"rendered":"<p><span>In occasione della Giornata del Libro, il Concistoro presenta un cartellone ricco di incontri e attivit\u00e0 per tutti i tipi di pubblico.<\/span><\/p>\n","protected":false},"author":1,"featured_media":1920,"comment_status":"open","ping_status":"open","sticky":false,"template":"","format":"standard","meta":{"inline_featured_image":false,"jnews-multi-image_gallery":[],"jnews_single_post":[],"jnews_primary_category":[],"jnews_social_meta":[],"jnews_override_counter":[],"jnews_post_split":[],"footnotes":""},"categories":[292],"tags":[],"class_list":["post-1922","post","type-post","status-publish","format-standard","has-post-thumbnail","hentry","category-la-oliva-it"],"jetpack_featured_media_url":"https:\/\/informacionlocal.es\/wp-content\/uploads\/2025\/04\/5187_22db8aec.png","_links":{"self":[{"href":"https:\/\/informacionlocal.es\/it\/wp-json\/wp\/v2\/posts\/1922","targetHints":{"allow":["GET"]}}],"collection":[{"href":"https:\/\/informacionlocal.es\/it\/wp-json\/wp\/v2\/posts"}],"about":[{"href":"https:\/\/informacionlocal.es\/it\/wp-json\/wp\/v2\/types\/post"}],"author":[{"embeddable":true,"href":"https:\/\/informacionlocal.es\/it\/wp-json\/wp\/v2\/users\/1"}],"replies":[{"embeddable":true,"href":"https:\/\/informacionlocal.es\/it\/wp-json\/wp\/v2\/comments?post=1922"}],"version-history":[{"count":0,"href":"https:\/\/informacionlocal.es\/it\/wp-json\/wp\/v2\/posts\/1922\/revisions"}],"wp:featuredmedia":[{"embeddable":true,"href":"https:\/\/informacionlocal.es\/it\/wp-json\/wp\/v2\/media\/1920"}],"wp:attachment":[{"href":"https:\/\/informacionlocal.es\/it\/wp-json\/wp\/v2\/media?parent=1922"}],"wp:term":[{"taxonomy":"category","embeddable":true,"href":"https:\/\/informacionlocal.es\/it\/wp-json\/wp\/v2\/categories?post=1922"},{"taxonomy":"post_tag","embeddable":true,"href":"https:\/\/informacionlocal.es\/it\/wp-json\/wp\/v2\/tags?post=1922"}],"curies":[{"name":"wp","href":"https:\/\/api.w.org\/{rel}","templated":true}]}}