{"id":18790,"date":"2026-03-17T18:58:40","date_gmt":"2026-03-17T18:58:40","guid":{"rendered":"https:\/\/informacionlocal.es\/antigua-destaca-y-felicita-la-labor-de-asociaciones-sociales-en-el-municipio\/"},"modified":"2026-03-17T18:58:40","modified_gmt":"2026-03-17T18:58:40","slug":"antigua-destaca-y-felicita-la-labor-de-asociaciones-sociales-en-el-municipio","status":"publish","type":"post","link":"https:\/\/informacionlocal.es\/it\/antigua-destaca-y-felicita-la-labor-de-asociaciones-sociales-en-el-municipio\/","title":{"rendered":"Antigua destaca y felicita la labor de asociaciones sociales en el Municipio"},"content":{"rendered":"<div class=\"elementor-widget-container\">\n<p><strong>Antigua destaca y felicita la labor de asociaciones sociales en el Municipio<\/strong><\/p>\n<p><strong>\u2022 Antigua mantiene un ciclo de reuniones con cada una de las quince asociaciones que respalda y financia, escuchando sus proyectos y necesidades.<\/strong><\/p>\n<p>Representantes de Mujeres Arena Laurisilva, de la Asociaci\u00f3n Contra el C\u00e1ncer de Mama Metast\u00e1sico y de la Fundaci\u00f3n Canaria de Apoyo a los Trastornos del Neurodesarrollo, Funteac, detallan al alcalde de Antigua y la concejala de Servicios Sociales, su actividad semanal y los eventos y campa\u00f1as principales a organizar este a\u00f1o.<\/p>\n<p>Estamos realizando una ronda de contacto con cada una de las 15 asociaciones con las que venimos colaborando cada a\u00f1o, afirma la concejala de Servicios Sociales, Am\u00e9rica Soto Betancor, en el objetivo de conocer directamente las fortalezas y deficiencias que encuentra el desarrollo de su trabajo cotidiano en el Municipio.<\/p>\n<p>Escuchar el trabajo que hacen estas asociaciones en \u00e1reas de apoyo, respaldo y asesoramiento a las mujeres, a los familiares, cuidadores, a las personas afectadas por el c\u00e1ncer, o con los ni\u00f1os y ni\u00f1as con autismo, d\u00e9ficit de atenci\u00f3n o hiperactividad, sirve para reafirmar y reforzar partidas de subvenciones municipales, se\u00f1ala el alcalde, Mat\u00edas Pe\u00f1a Garc\u00eda.<\/p>\n<p>En este sentido, a\u00f1ade el alcalde, destinamos m\u00e1s de 80.000 euros a las asociaciones sociales, como la mejor forma de agradecer el compromiso y trabajo necesario que realizan los trabajadores, especialistas, voluntarias y voluntarios de estas asociaciones en el Municipio.<\/p>\n<p>\u00a0<\/p>\n<\/div>\n","protected":false},"excerpt":{"rendered":"<p><strong>Antigua destaca y felicita la labor de asociaciones sociales en el Municipio<\/strong><\/p>\n","protected":false},"author":1,"featured_media":18792,"comment_status":"open","ping_status":"open","sticky":false,"template":"","format":"standard","meta":{"inline_featured_image":false,"jnews-multi-image_gallery":[],"jnews_single_post":[],"jnews_primary_category":[],"jnews_social_meta":[],"jnews_override_counter":[],"jnews_post_split":[],"footnotes":""},"categories":[59],"tags":[69],"class_list":["post-18790","post","type-post","status-publish","format-standard","has-post-thumbnail","hentry","category-antigua","tag-eventos"],"jetpack_featured_media_url":"https:\/\/informacionlocal.es\/wp-content\/uploads\/2026\/03\/antigua-felicita-la-labor-de-las-asociaciones-sociales-en-el-municipio-4-scaled-1.jpg","_links":{"self":[{"href":"https:\/\/informacionlocal.es\/it\/wp-json\/wp\/v2\/posts\/18790","targetHints":{"allow":["GET"]}}],"collection":[{"href":"https:\/\/informacionlocal.es\/it\/wp-json\/wp\/v2\/posts"}],"about":[{"href":"https:\/\/informacionlocal.es\/it\/wp-json\/wp\/v2\/types\/post"}],"author":[{"embeddable":true,"href":"https:\/\/informacionlocal.es\/it\/wp-json\/wp\/v2\/users\/1"}],"replies":[{"embeddable":true,"href":"https:\/\/informacionlocal.es\/it\/wp-json\/wp\/v2\/comments?post=18790"}],"version-history":[{"count":0,"href":"https:\/\/informacionlocal.es\/it\/wp-json\/wp\/v2\/posts\/18790\/revisions"}],"wp:featuredmedia":[{"embeddable":true,"href":"https:\/\/informacionlocal.es\/it\/wp-json\/wp\/v2\/media\/18792"}],"wp:attachment":[{"href":"https:\/\/informacionlocal.es\/it\/wp-json\/wp\/v2\/media?parent=18790"}],"wp:term":[{"taxonomy":"category","embeddable":true,"href":"https:\/\/informacionlocal.es\/it\/wp-json\/wp\/v2\/categories?post=18790"},{"taxonomy":"post_tag","embeddable":true,"href":"https:\/\/informacionlocal.es\/it\/wp-json\/wp\/v2\/tags?post=18790"}],"curies":[{"name":"wp","href":"https:\/\/api.w.org\/{rel}","templated":true}]}}