{"id":18760,"date":"2026-03-17T13:58:52","date_gmt":"2026-03-17T13:58:52","guid":{"rendered":"https:\/\/informacionlocal.es\/el-ayuntamiento-de-puerto-del-rosario-agradece-la-colaboracion-de-adecco-formacion-en-la-capacitacion-digital-del-personal-de-los-planes-de-empleo-social\/"},"modified":"2026-03-17T13:58:52","modified_gmt":"2026-03-17T13:58:52","slug":"el-ayuntamiento-de-puerto-del-rosario-agradece-la-colaboracion-de-adecco-formacion-en-la-capacitacion-digital-del-personal-de-los-planes-de-empleo-social","status":"publish","type":"post","link":"https:\/\/informacionlocal.es\/it\/el-ayuntamiento-de-puerto-del-rosario-agradece-la-colaboracion-de-adecco-formacion-en-la-capacitacion-digital-del-personal-de-los-planes-de-empleo-social\/","title":{"rendered":"El Ayuntamiento de Puerto del Rosario agradece la colaboraci\u00f3n de Adecco Formaci\u00f3n en la capacitaci\u00f3n digital del personal de los Planes de Empleo Social"},"content":{"rendered":"<div class=\"entry-content\">\n<p>La Concejal\u00eda de Desarrollo Local del Ayuntamiento de Puerto del Rosario destaca la labor de Adecco Formaci\u00f3n en las acciones impartidas dentro del proyecto Las Palmas Digital, dirigidas al personal participante en los programas de Empleo Social \u201cBregando por Puerto\u201d (2024-2025) y \u201cPuerto Generando Oportunidades\u201d (2025-2026).<\/p>\n<p>El Ayuntamiento, agradece la colaboraci\u00f3n de Adecco Formaci\u00f3n en el desarrollo de diversas acciones formativas orientadas al personal de los distintos Planes de Empleo Social del municipio.<\/p>\n<p>Esta formaci\u00f3n, enmarcada dentro del proyecto Las Palmas Digital, ha permitido reforzar las competencias digitales de las personas participantes, especialmente en aspectos clave para su vida cotidiana y su inserci\u00f3n laboral. Entre los contenidos impartidos se encuentran la comunicaci\u00f3n con tecnolog\u00eda digital, la b\u00fasqueda de informaci\u00f3n y empleo por internet, la realizaci\u00f3n de gestiones desde casa, la creaci\u00f3n de contenidos digitales el uso de redes sociales para mejorar la Empleabilidad, los principios de Cummunity Manager y los fundamentos de ciberseguridad.<\/p>\n<p>Con este tipo de iniciativas, el Ayuntamiento reafirma su compromiso con la formaci\u00f3n, la inclusi\u00f3n digital y la mejora de las oportunidades de empleo de la ciudadan\u00eda.<\/p>\n<\/div>\n","protected":false},"excerpt":{"rendered":"<p>La Concejal\u00eda de Desarrollo Local del Ayuntamiento de Puerto del Rosario destaca la labor de Adecco Formaci\u00f3n en las acciones impartidas dentro del proyecto Las Palmas Digital, dirigidas al personal [&hellip;]<\/p>\n","protected":false},"author":1,"featured_media":18762,"comment_status":"open","ping_status":"open","sticky":false,"template":"","format":"standard","meta":{"inline_featured_image":false,"jnews-multi-image_gallery":[],"jnews_single_post":[],"jnews_primary_category":[],"jnews_social_meta":[],"jnews_override_counter":[],"jnews_post_split":[],"footnotes":""},"categories":[61],"tags":[],"class_list":["post-18760","post","type-post","status-publish","format-standard","has-post-thumbnail","hentry","category-puerto-del-rosario"],"jetpack_featured_media_url":"https:\/\/informacionlocal.es\/wp-content\/uploads\/2026\/03\/adecco-titu-2-0326-grupo1-jpeg.jpg","_links":{"self":[{"href":"https:\/\/informacionlocal.es\/it\/wp-json\/wp\/v2\/posts\/18760","targetHints":{"allow":["GET"]}}],"collection":[{"href":"https:\/\/informacionlocal.es\/it\/wp-json\/wp\/v2\/posts"}],"about":[{"href":"https:\/\/informacionlocal.es\/it\/wp-json\/wp\/v2\/types\/post"}],"author":[{"embeddable":true,"href":"https:\/\/informacionlocal.es\/it\/wp-json\/wp\/v2\/users\/1"}],"replies":[{"embeddable":true,"href":"https:\/\/informacionlocal.es\/it\/wp-json\/wp\/v2\/comments?post=18760"}],"version-history":[{"count":0,"href":"https:\/\/informacionlocal.es\/it\/wp-json\/wp\/v2\/posts\/18760\/revisions"}],"wp:featuredmedia":[{"embeddable":true,"href":"https:\/\/informacionlocal.es\/it\/wp-json\/wp\/v2\/media\/18762"}],"wp:attachment":[{"href":"https:\/\/informacionlocal.es\/it\/wp-json\/wp\/v2\/media?parent=18760"}],"wp:term":[{"taxonomy":"category","embeddable":true,"href":"https:\/\/informacionlocal.es\/it\/wp-json\/wp\/v2\/categories?post=18760"},{"taxonomy":"post_tag","embeddable":true,"href":"https:\/\/informacionlocal.es\/it\/wp-json\/wp\/v2\/tags?post=18760"}],"curies":[{"name":"wp","href":"https:\/\/api.w.org\/{rel}","templated":true}]}}