{"id":18754,"date":"2026-03-16T21:02:04","date_gmt":"2026-03-16T21:02:04","guid":{"rendered":"https:\/\/informacionlocal.es\/carnavaleros-y-carnavaleras-de-antigua-decidiran-en-votacion-popular-entre-tres-alegorias\/"},"modified":"2026-03-16T21:02:04","modified_gmt":"2026-03-16T21:02:04","slug":"carnavaleros-y-carnavaleras-de-antigua-decidiran-en-votacion-popular-entre-tres-alegorias","status":"publish","type":"post","link":"https:\/\/informacionlocal.es\/it\/carnavaleros-y-carnavaleras-de-antigua-decidiran-en-votacion-popular-entre-tres-alegorias\/","title":{"rendered":"Carnavaleros y Carnavaleras de Antigua decidir\u00e1n en votaci\u00f3n popular entre tres Alegor\u00edas"},"content":{"rendered":"<div class=\"elementor-widget-container\">\n<p><strong>Carnavaleros y Carnavaleras de Antigua decidir\u00e1n en votaci\u00f3n popular entre tres Alegor\u00edas<\/strong><\/p>\n<p><strong>\u2022 La reuni\u00f3n organizada por la concejal\u00eda de Festejos acogi\u00f3 la asistencia de 40 vecinos y vecinas del Municipio para decidir la Alegor\u00eda del Carnaval de Antigua 2027.<\/strong><\/p>\n<p><strong>\u2022 Entre las diferentes propuestas, tres alegor\u00edas son escogidas para abrir una consulta popular, en la que decidir la favorita.<\/strong><\/p>\n<p>La reuni\u00f3n de elecci\u00f3n de Alegor\u00eda del Carnaval de Antigua 2027 organizada por el Ayuntamiento de Antigua desde la concejal\u00eda de Festejos ha tenido una magn\u00edfica respuesta, asistiendo cuarenta vecinos y vecinas de diferentes localidades y pueblos del Municipio, as\u00ed como representantes de grupos carnavaleros, comparsas o batucadas.<\/p>\n<p>El alcalde, Mat\u00edas Pe\u00f1a, destaca la organizaci\u00f3n desde Festejos de esta reuni\u00f3n previa a los carnavales para elegir la pr\u00f3xima alegor\u00eda, como para recoger de forma abierta las propuestas de todos los vecinos y vecinas o grupos del carnaval, y entre todos y en el marco de lo posible, dar forma al Carnaval de Antigua 2027.<\/p>\n<p>Entre las seis propuestas de alegor\u00edas del carnaval, explica el concejal de Festejos, Pedro M. Armas Mart\u00edn, se decidi\u00f3 entre tres principales, Tropical, Pel\u00edculas y TV y M\u00e1quina del tiempo.<\/p>\n<p>Recogiendo la propuesta de los asistentes, se anunciar\u00e1 el sistema, aplicaci\u00f3n o QR en el que poder votar p\u00fablicamente y de forma individualizada por una de las tres alegor\u00edas, se\u00f1ala el concejal.<\/p>\n<p>La iniciativa de elegir la alegor\u00eda con tanto tiempo de anticipaci\u00f3n, ha sido bien recibida, y concluye el concejal, decidiendo que en futuros carnavales la elecci\u00f3n de la alegor\u00eda se haga en urnas dispuestas en las carpas principales del Carnaval, decidiendo en el mismo carnaval la alegor\u00eda del siguiente.<\/p>\n<\/div>\n","protected":false},"excerpt":{"rendered":"<p><strong>Carnavaleros y Carnavaleras de Antigua decidir\u00e1n en votaci\u00f3n popular entre tres Alegor\u00edas<\/strong><\/p>\n","protected":false},"author":1,"featured_media":18756,"comment_status":"open","ping_status":"open","sticky":false,"template":"","format":"standard","meta":{"inline_featured_image":false,"jnews-multi-image_gallery":[],"jnews_single_post":[],"jnews_primary_category":[],"jnews_social_meta":[],"jnews_override_counter":[],"jnews_post_split":[],"footnotes":""},"categories":[59],"tags":[],"class_list":["post-18754","post","type-post","status-publish","format-standard","has-post-thumbnail","hentry","category-antigua"],"jetpack_featured_media_url":"https:\/\/informacionlocal.es\/wp-content\/uploads\/2026\/03\/eligiendo-alegoria-carnaval-antigua-27.jpeg","_links":{"self":[{"href":"https:\/\/informacionlocal.es\/it\/wp-json\/wp\/v2\/posts\/18754","targetHints":{"allow":["GET"]}}],"collection":[{"href":"https:\/\/informacionlocal.es\/it\/wp-json\/wp\/v2\/posts"}],"about":[{"href":"https:\/\/informacionlocal.es\/it\/wp-json\/wp\/v2\/types\/post"}],"author":[{"embeddable":true,"href":"https:\/\/informacionlocal.es\/it\/wp-json\/wp\/v2\/users\/1"}],"replies":[{"embeddable":true,"href":"https:\/\/informacionlocal.es\/it\/wp-json\/wp\/v2\/comments?post=18754"}],"version-history":[{"count":0,"href":"https:\/\/informacionlocal.es\/it\/wp-json\/wp\/v2\/posts\/18754\/revisions"}],"wp:featuredmedia":[{"embeddable":true,"href":"https:\/\/informacionlocal.es\/it\/wp-json\/wp\/v2\/media\/18756"}],"wp:attachment":[{"href":"https:\/\/informacionlocal.es\/it\/wp-json\/wp\/v2\/media?parent=18754"}],"wp:term":[{"taxonomy":"category","embeddable":true,"href":"https:\/\/informacionlocal.es\/it\/wp-json\/wp\/v2\/categories?post=18754"},{"taxonomy":"post_tag","embeddable":true,"href":"https:\/\/informacionlocal.es\/it\/wp-json\/wp\/v2\/tags?post=18754"}],"curies":[{"name":"wp","href":"https:\/\/api.w.org\/{rel}","templated":true}]}}