{"id":18712,"date":"2026-03-16T11:03:41","date_gmt":"2026-03-16T11:03:41","guid":{"rendered":"https:\/\/informacionlocal.es\/la-tercera-sesion-del-ciclo-cultural-majos-analizara-la-vida-cotidiana-y-los-asentamientos-de-los-antiguos-pobladores-de-fuerteventura\/"},"modified":"2026-03-16T11:03:41","modified_gmt":"2026-03-16T11:03:41","slug":"la-tercera-sesion-del-ciclo-cultural-majos-analizara-la-vida-cotidiana-y-los-asentamientos-de-los-antiguos-pobladores-de-fuerteventura","status":"publish","type":"post","link":"https:\/\/informacionlocal.es\/it\/la-tercera-sesion-del-ciclo-cultural-majos-analizara-la-vida-cotidiana-y-los-asentamientos-de-los-antiguos-pobladores-de-fuerteventura\/","title":{"rendered":"La tercera sesi\u00f3n del Ciclo Cultural Majos analizar\u00e1 la vida cotidiana y los asentamientos de los antiguos pobladores de Fuerteventura"},"content":{"rendered":"<div class=\"entry-content\"><strong>16 marzo, 2026<\/strong><\/p>\n<p><em><strong>El encuentro se celebrar\u00e1 el jueves 26 de marzo, a las 19.00 horas, con la participaci\u00f3n de los expertos Jos\u00e9 Carlos Cabrera P\u00e9rez y Marco Moreno Ben\u00edtez<\/strong><\/em><strong><br \/><\/strong><\/p>\n<p>El Museo Arqueol\u00f3gico de Fuerteventura (MAF)<br \/>\nacoger\u00e1 la tercera sesi\u00f3n del Ciclo Cultural Majos el pr\u00f3ximo jueves, 26 de<br \/>\nmarzo, a las 19.00 horas, en su sal\u00f3n de actos en Betancuria. En esta ocasi\u00f3n,<br \/>\nel debate se centrar\u00e1 en descubrir c\u00f3mo y d\u00f3nde transcurr\u00eda la vida cotidiana<br \/>\ndel pueblo majo, analizando los espacios que habitaron y los vestigios<br \/>\narqueol\u00f3gicos que a\u00fan perduran de esta cultura milenaria.<\/p>\n<p>Bajo el formato de mesas abiertas, la sesi\u00f3n<br \/>\nprofundizar\u00e1 en cuestiones clave sobre la organizaci\u00f3n de los poblados, las<br \/>\nestructuras habitacionales y las actividades que se desarrollaban en ellos, as\u00ed<br \/>\ncomo la evoluci\u00f3n de estos asentamientos tras la conquista.<\/p>\n<p>La mesa ser\u00e1 moderada por la periodista P\u00eda<br \/>\nPe\u00f1agarikano Rodr\u00edguez e intervendr\u00e1n como expertos Jos\u00e9 Carlos Cabrera P\u00e9rez,<br \/>\nresponsable de la Unidad T\u00e9cnica del Servicio de Patrimonio Hist\u00f3rico del<br \/>\nCabildo de Tenerife, y Marco Moreno Ben\u00edtez, arque\u00f3logo y responsable de<br \/>\nTibicena Arqueolog\u00eda y Patrimonio S.L.<\/p>\n<p>El Ciclo Cultural Majos es una iniciativa<br \/>\nimpulsada por el Museo Arqueol\u00f3gico de Fuerteventura que se desarrolla durante<br \/>\ntodo el a\u00f1o 2026. El consejero del \u00e1rea, Rayco Le\u00f3n, explica que su objetivo<br \/>\nprincipal es la divulgaci\u00f3n del patrimonio arqueol\u00f3gico insular, incorporando<br \/>\nlos resultados de las investigaciones m\u00e1s recientes y fomentando el intercambio<br \/>\nde conocimientos entre especialistas y la ciudadan\u00eda.<\/p>\n<p>Para la asistencia a esta actividad no es necesaria<br \/>\ninscripci\u00f3n previa. El acceso es libre y gratuito hasta completar el aforo del<br \/>\nsal\u00f3n de actos del museo.<\/p>\n<\/div>\n","protected":false},"excerpt":{"rendered":"<p>16 marzo, 2026 El encuentro se celebrar\u00e1 el jueves 26 de marzo, a las 19.00 horas, con la participaci\u00f3n de los expertos Jos\u00e9 Carlos Cabrera P\u00e9rez y Marco Moreno Ben\u00edtez [&hellip;]<\/p>\n","protected":false},"author":1,"featured_media":18714,"comment_status":"open","ping_status":"open","sticky":false,"template":"","format":"standard","meta":{"inline_featured_image":false,"jnews-multi-image_gallery":[],"jnews_single_post":[],"jnews_primary_category":[],"jnews_social_meta":[],"jnews_override_counter":[],"jnews_post_split":[],"footnotes":""},"categories":[58],"tags":[82],"class_list":["post-18712","post","type-post","status-publish","format-standard","has-post-thumbnail","hentry","category-cabildo","tag-fuerteventura"],"jetpack_featured_media_url":"https:\/\/informacionlocal.es\/wp-content\/uploads\/2026\/03\/fff-1.jpeg","_links":{"self":[{"href":"https:\/\/informacionlocal.es\/it\/wp-json\/wp\/v2\/posts\/18712","targetHints":{"allow":["GET"]}}],"collection":[{"href":"https:\/\/informacionlocal.es\/it\/wp-json\/wp\/v2\/posts"}],"about":[{"href":"https:\/\/informacionlocal.es\/it\/wp-json\/wp\/v2\/types\/post"}],"author":[{"embeddable":true,"href":"https:\/\/informacionlocal.es\/it\/wp-json\/wp\/v2\/users\/1"}],"replies":[{"embeddable":true,"href":"https:\/\/informacionlocal.es\/it\/wp-json\/wp\/v2\/comments?post=18712"}],"version-history":[{"count":0,"href":"https:\/\/informacionlocal.es\/it\/wp-json\/wp\/v2\/posts\/18712\/revisions"}],"wp:featuredmedia":[{"embeddable":true,"href":"https:\/\/informacionlocal.es\/it\/wp-json\/wp\/v2\/media\/18714"}],"wp:attachment":[{"href":"https:\/\/informacionlocal.es\/it\/wp-json\/wp\/v2\/media?parent=18712"}],"wp:term":[{"taxonomy":"category","embeddable":true,"href":"https:\/\/informacionlocal.es\/it\/wp-json\/wp\/v2\/categories?post=18712"},{"taxonomy":"post_tag","embeddable":true,"href":"https:\/\/informacionlocal.es\/it\/wp-json\/wp\/v2\/tags?post=18712"}],"curies":[{"name":"wp","href":"https:\/\/api.w.org\/{rel}","templated":true}]}}