{"id":18700,"date":"2026-03-13T19:58:27","date_gmt":"2026-03-13T19:58:27","guid":{"rendered":"https:\/\/informacionlocal.es\/el-ecomuseo-la-alcogida-inicia-su-proyecto-de-renovacion-dentro-del-plan-estrategico-de-museos-de-fuerteventura\/"},"modified":"2026-03-13T19:58:27","modified_gmt":"2026-03-13T19:58:27","slug":"el-ecomuseo-la-alcogida-inicia-su-proyecto-de-renovacion-dentro-del-plan-estrategico-de-museos-de-fuerteventura","status":"publish","type":"post","link":"https:\/\/informacionlocal.es\/it\/el-ecomuseo-la-alcogida-inicia-su-proyecto-de-renovacion-dentro-del-plan-estrategico-de-museos-de-fuerteventura\/","title":{"rendered":"\ufeffEl Ecomuseo La Alcogida inicia su proyecto de renovaci\u00f3n dentro del Plan Estrat\u00e9gico de Museos de Fuerteventura"},"content":{"rendered":"<div class=\"entry-content\"><strong>13 marzo, 2026<\/strong><\/p>\n<p><em><strong>La actuaci\u00f3n ha sido ya adjudicada, promovida por el Cabildo y financiada por el Gobierno de Canarias a trav\u00e9s de la Estrategia Canaria de Infraestructuras Tur\u00edsticas Insulares<\/strong><\/em><\/p>\n<p>El Ecomuseo La Alcogida inicia el proyecto para la renovaci\u00f3n de su imagen y musealizaci\u00f3n, una iniciativa promovida por el Cabildo de Fuerteventura dentro de su plan estrat\u00e9gico que persigue modernizar la red de Museos de Fuerteventura. Los trabajos dar\u00e1n comienzo pr\u00f3ximamente, una vez adjudicado el proyecto por m\u00e1s de 219.000 euros, financiados por el Gobierno de Canarias a trav\u00e9s de Gesprotur, dentro de la Estrategia Canaria de Infraestructuras Tur\u00edsticas Insulares.<\/p>\n<p>El Plan Estrat\u00e9gico de Museos de Fuerteventura se dirige a revalorizar y modernizar una veintena de actuaciones en todos sus centros y espacios muse\u00edsticos. \u201cEsto incluye no s\u00f3lo la apertura de nuevos centros, sino tambi\u00e9n la renovaci\u00f3n de los ya existentes\u201d, explica la presidenta del Cabildo, Lola Garc\u00eda.<\/p>\n<p>En este sentido, uno de los centros con mayor afluencia de visitantes y cuya transformaci\u00f3n es muy demandada es el Ecomuseo La Alcogida, \u201cpor lo que se desarrollar\u00e1n labores para actualizar la imagen del centro y renovar sus contenidos, as\u00ed como su accesibilidad, mejorando c\u00f3mo se cuenta y se explica un espacio emblem\u00e1tico que integra la cultura y tradiciones majoreras, estando prevista la culminaci\u00f3n de estos trabajos antes de finalizar el a\u00f1o\u201d.<\/p>\n<p>Lola Garc\u00eda ha destacado, adem\u00e1s, la importancia de la colaboraci\u00f3n entre administraciones para desarrollar proyectos de esta envergadura. El Cabildo ha tramitado la licitaci\u00f3n del proyecto a trav\u00e9s de la empresa p\u00fablica Gesprotur, y ha sido adjudicada a GAIA Consultores Insulares S.L.U, con un plazo de ejecuci\u00f3n de seis meses desde el comienzo de la obra.<\/p>\n<p>Para la consejera de Turismo, Jessica de Le\u00f3n, \u201cesta intervenci\u00f3n viene a mejorar la experiencia del turista en la red de Museos de Fuerteventura. Particularmente, en el Ecomuseo La Alcogida, donde se realiza una actuaci\u00f3n integral para mejorar su accesibilidad, promover su digitalizaci\u00f3n y lograr una experiencia m\u00e1s interactiva, en un espacio que, adem\u00e1s, resalta las tradiciones de la Isla\u201d.<\/p>\n<p>Durante la visita al Ecomuseo La Alcogida estuvo presente, adem\u00e1s, el consejero de Museos de Fuerteventuras, Rayco Le\u00f3n, y el gerente de Gesprotur, Ignacio Solana.<\/p>\n<p>La reforma del Ecomuseo de La Alcogida representa un hito crucial para revitalizar uno de los espacios culturales m\u00e1s emblem\u00e1ticos de Fuerteventura, buscando no solo conservar el patrimonio cultural de la isla, sino tambi\u00e9n modernizar la experiencia de los visitantes mediante el uso de nuevas tecnolog\u00edas para acercar las tradiciones majoreras a residentes y visitantes. \u00a0<\/p>\n<p>La tecnolog\u00eda avanzada jugar\u00e1 un papel clave en esta reforma, incorporando equipamiento de \u00faltima generaci\u00f3n para proyecci\u00f3n de sonido y v\u00eddeo en las salas del museo. Se integrar\u00e1n herramientas interactivas que permitir\u00e1n a los visitantes participar activamente en las exposiciones.<\/p>\n<p>El proyecto abarca, adem\u00e1s, una mejor disposici\u00f3n de las \u00e1reas de exposici\u00f3n y la renovaci\u00f3n de los espacios expositivos, redise\u00f1ando lo soportes y estructuras que albergan las piezas del museo, de manera que resalten el valor de las colecciones y aseguren su correcta conservaci\u00f3n.<\/p>\n<p>Tambi\u00e9n se incluyen mejoras en la comunicaci\u00f3n visual, con paneles informativos y carteler\u00eda que generen una interacci\u00f3n directa y personalizada de los contenidos. Se producir\u00e1 contenido audiovisual de alta calidad, como uno de los pilares m\u00e1s importantes de la reforma, con la creaci\u00f3n de contenido audiovisual propio que narrar\u00e1 las historias y tradiciones de la Isla.\u00a0 Asimismo, se contempla la actualizaci\u00f3n de mobiliario interior, con una mejor exposici\u00f3n y organizaci\u00f3n de las piezas, creando un entorno m\u00e1s fluido para los visitantes.\u00a0<\/p>\n<\/div>\n","protected":false},"excerpt":{"rendered":"<p>13 marzo, 2026 La actuaci\u00f3n ha sido ya adjudicada, promovida por el Cabildo y financiada por el Gobierno de Canarias a trav\u00e9s de la Estrategia Canaria de Infraestructuras Tur\u00edsticas Insulares [&hellip;]<\/p>\n","protected":false},"author":1,"featured_media":18702,"comment_status":"open","ping_status":"open","sticky":false,"template":"","format":"standard","meta":{"inline_featured_image":false,"jnews-multi-image_gallery":[],"jnews_single_post":[],"jnews_primary_category":[],"jnews_social_meta":[],"jnews_override_counter":[],"jnews_post_split":[],"footnotes":""},"categories":[58],"tags":[82],"class_list":["post-18700","post","type-post","status-publish","format-standard","has-post-thumbnail","hentry","category-cabildo","tag-fuerteventura"],"jetpack_featured_media_url":"https:\/\/informacionlocal.es\/wp-content\/uploads\/2026\/03\/rr-1.jpeg","_links":{"self":[{"href":"https:\/\/informacionlocal.es\/it\/wp-json\/wp\/v2\/posts\/18700","targetHints":{"allow":["GET"]}}],"collection":[{"href":"https:\/\/informacionlocal.es\/it\/wp-json\/wp\/v2\/posts"}],"about":[{"href":"https:\/\/informacionlocal.es\/it\/wp-json\/wp\/v2\/types\/post"}],"author":[{"embeddable":true,"href":"https:\/\/informacionlocal.es\/it\/wp-json\/wp\/v2\/users\/1"}],"replies":[{"embeddable":true,"href":"https:\/\/informacionlocal.es\/it\/wp-json\/wp\/v2\/comments?post=18700"}],"version-history":[{"count":0,"href":"https:\/\/informacionlocal.es\/it\/wp-json\/wp\/v2\/posts\/18700\/revisions"}],"wp:featuredmedia":[{"embeddable":true,"href":"https:\/\/informacionlocal.es\/it\/wp-json\/wp\/v2\/media\/18702"}],"wp:attachment":[{"href":"https:\/\/informacionlocal.es\/it\/wp-json\/wp\/v2\/media?parent=18700"}],"wp:term":[{"taxonomy":"category","embeddable":true,"href":"https:\/\/informacionlocal.es\/it\/wp-json\/wp\/v2\/categories?post=18700"},{"taxonomy":"post_tag","embeddable":true,"href":"https:\/\/informacionlocal.es\/it\/wp-json\/wp\/v2\/tags?post=18700"}],"curies":[{"name":"wp","href":"https:\/\/api.w.org\/{rel}","templated":true}]}}