{"id":18644,"date":"2026-03-13T01:02:22","date_gmt":"2026-03-13T01:02:22","guid":{"rendered":"https:\/\/informacionlocal.es\/el-cabildo-amplia-el-programa-de-formacion-digital-en-betancuria-ante-la-buena-acogida-del-proyecto\/"},"modified":"2026-03-13T01:02:22","modified_gmt":"2026-03-13T01:02:22","slug":"el-cabildo-amplia-el-programa-de-formacion-digital-en-betancuria-ante-la-buena-acogida-del-proyecto","status":"publish","type":"post","link":"https:\/\/informacionlocal.es\/it\/el-cabildo-amplia-el-programa-de-formacion-digital-en-betancuria-ante-la-buena-acogida-del-proyecto\/","title":{"rendered":"\ufeffEl Cabildo ampl\u00eda el programa de formaci\u00f3n digital en Betancuria ante la buena acogida del proyecto"},"content":{"rendered":"<div class=\"entry-content\"><strong>12 marzo, 2026<\/strong><\/p>\n<p>El Cabildo de Fuerteventura, a trav\u00e9s de la Consejer\u00eda de Nuevas Tecnolog\u00edas, anuncia la apertura de nuevas ediciones del programa de formaci\u00f3n en competencias digitales b\u00e1sicas, destinado a la ciudadan\u00eda del municipio de Betancuria. Tras la positiva respuesta obtenida en las primeras sesiones celebradas el pasado mes de febrero, la instituci\u00f3n insular mantiene abierto el proyecto para la realizaci\u00f3n de futuras acciones formativas dirigidas a todas las personas interesadas en mejorar sus habilidades digitales.<\/p>\n<p>La iniciativa est\u00e1 especialmente orientada a personas mayores, mujeres y poblaci\u00f3n infantil-juvenil, con el objetivo de seguir reduciendo la brecha digital y fomentar el uso seguro de las tecnolog\u00edas en un municipio con especiales caracter\u00edsticas demogr\u00e1ficas.<\/p>\n<p>La consejera insular de Nuevas Tecnolog\u00edas, Carmen Alonso, destaca que \u201cla excelente acogida del proyecto en Betancuria demuestra la necesidad de seguir impulsando acciones formativas que faciliten la inclusi\u00f3n digital en todos los municipios de la isla\u201d. En palabras de Alonso, \u201cel Cabildo continuar\u00e1 trabajando para acercar las competencias digitales a toda la ciudadan\u00eda, favoreciendo el acceso a los servicios p\u00fablicos en l\u00ednea y una participaci\u00f3n activa en la sociedad digital\u201d.<\/p>\n<p>Los nuevos cursos continuar\u00e1n ofreciendo contenidos pr\u00e1cticos sobre el manejo de herramientas digitales, comunicaci\u00f3n en l\u00ednea, b\u00fasqueda y evaluaci\u00f3n de informaci\u00f3n, gestiones y compras por internet de forma segura, as\u00ed como la interacci\u00f3n con las administraciones p\u00fablicas y la resoluci\u00f3n de problemas digitales cotidianos.<\/p>\n<p>Las personas interesadas pueden solicitar informaci\u00f3n e inscribirse para las pr\u00f3ximas ediciones del programa a trav\u00e9s del tel\u00e9fono 651 902 664 o del correo electr\u00f3nico\u00a0innovafuerteventura@cabildofuer.es.<\/p>\n<p>Esta actuaci\u00f3n se enmarca en el Componente 19, Inversi\u00f3n 1 \u2018Competencias Digitales Transversales\u2019 del Plan de Recuperaci\u00f3n, Transformaci\u00f3n y Resiliencia del Gobierno de Espa\u00f1a, gestionado en Canarias por el Gobierno auton\u00f3mico y financiado con fondos europeos Next Generation, orientados a impulsar la formaci\u00f3n digital de la ciudadan\u00eda en zonas con reto demogr\u00e1fico.<\/p>\n<\/div>\n","protected":false},"excerpt":{"rendered":"<p>12 marzo, 2026 El Cabildo de Fuerteventura, a trav\u00e9s de la Consejer\u00eda de Nuevas Tecnolog\u00edas, anuncia la apertura de nuevas ediciones del programa de formaci\u00f3n en competencias digitales b\u00e1sicas, destinado [&hellip;]<\/p>\n","protected":false},"author":1,"featured_media":18646,"comment_status":"open","ping_status":"open","sticky":false,"template":"","format":"standard","meta":{"inline_featured_image":false,"jnews-multi-image_gallery":[],"jnews_single_post":[],"jnews_primary_category":[],"jnews_social_meta":[],"jnews_override_counter":[],"jnews_post_split":[],"footnotes":""},"categories":[58],"tags":[82,65,66],"class_list":["post-18644","post","type-post","status-publish","format-standard","has-post-thumbnail","hentry","category-cabildo","tag-fuerteventura","tag-municipios","tag-servicios-publicos"],"jetpack_featured_media_url":"https:\/\/informacionlocal.es\/wp-content\/uploads\/2026\/03\/eee.jpeg","_links":{"self":[{"href":"https:\/\/informacionlocal.es\/it\/wp-json\/wp\/v2\/posts\/18644","targetHints":{"allow":["GET"]}}],"collection":[{"href":"https:\/\/informacionlocal.es\/it\/wp-json\/wp\/v2\/posts"}],"about":[{"href":"https:\/\/informacionlocal.es\/it\/wp-json\/wp\/v2\/types\/post"}],"author":[{"embeddable":true,"href":"https:\/\/informacionlocal.es\/it\/wp-json\/wp\/v2\/users\/1"}],"replies":[{"embeddable":true,"href":"https:\/\/informacionlocal.es\/it\/wp-json\/wp\/v2\/comments?post=18644"}],"version-history":[{"count":0,"href":"https:\/\/informacionlocal.es\/it\/wp-json\/wp\/v2\/posts\/18644\/revisions"}],"wp:featuredmedia":[{"embeddable":true,"href":"https:\/\/informacionlocal.es\/it\/wp-json\/wp\/v2\/media\/18646"}],"wp:attachment":[{"href":"https:\/\/informacionlocal.es\/it\/wp-json\/wp\/v2\/media?parent=18644"}],"wp:term":[{"taxonomy":"category","embeddable":true,"href":"https:\/\/informacionlocal.es\/it\/wp-json\/wp\/v2\/categories?post=18644"},{"taxonomy":"post_tag","embeddable":true,"href":"https:\/\/informacionlocal.es\/it\/wp-json\/wp\/v2\/tags?post=18644"}],"curies":[{"name":"wp","href":"https:\/\/api.w.org\/{rel}","templated":true}]}}