{"id":18620,"date":"2026-03-12T21:02:14","date_gmt":"2026-03-12T21:02:14","guid":{"rendered":"https:\/\/informacionlocal.es\/pajara-instala-las-carpas-para-feaga-2026\/"},"modified":"2026-03-12T21:02:14","modified_gmt":"2026-03-12T21:02:14","slug":"pajara-instala-las-carpas-para-feaga-2026","status":"publish","type":"post","link":"https:\/\/informacionlocal.es\/it\/pajara-instala-las-carpas-para-feaga-2026\/","title":{"rendered":"P\u00e1jara instala las carpas para Feaga 2026"},"content":{"rendered":"<div class=\"entry-content\">\n<p><b><i>El Ayuntamiento colabora con el Cabildo de Fuerteventura en una de las ferias m\u00e1s importantes del sector primario de Canarias<\/i><\/b><\/p>\n<p><span>El Ayuntamiento de P\u00e1jara, a trav\u00e9s de la concejal\u00eda de Obras que dirige Alexis Alonso, completa estos d\u00edas la instalaci\u00f3n de las carpas que acoger\u00e1 las exposiciones y los mercadillos de los artesanos con motivo de la <\/span><i><span>Feria de Agricultura, Ganader\u00eda y Pesca de Fuerteventura<\/span><\/i><span> (<\/span><i><span>Feaga<\/span><\/i><span>) 2026.<\/span><\/p>\n<p><span>Los trabajos de instalaci\u00f3n de las carpas se han iniciado y ser\u00e1n completados en los pr\u00f3ximos d\u00edas con el objetivo de facilitar la comodidad de los visitantes y artesanos que acudan a la feria, as\u00ed como albergar la totalidad de servicios, restauraci\u00f3n y ofertas de ocio que se desarrollen durante el evento.<\/span><\/p>\n<p><span>Alonso explica que \u201cdesde el \u00e1rea de Obras, como cada a\u00f1o, colaboramos con el montaje en esta feria, en nuestro fiel compromiso por apoyar y visibilizar el sector primario\u201d.<\/span><\/p>\n<p><span>Por su parte, el concejal de Sector Primario, Jos\u00e9 Manuel D\u00edaz, destaca que \u201cesta es una gran oportunidad para la promoci\u00f3n del sector primario de P\u00e1jara y Fuerteventura\u201d, y pone en valor el trabajo diario de quienes mantienen vivas nuestras tradiciones y garantizan la calidad del campo majorero\u00bb.<\/span><\/p>\n<p><span>El alcalde de P\u00e1jara, Alejandro Jorge, manifiesta el compromiso de colaborar, a\u00f1o tras a\u00f1o con Feaga ya que \u201ces un escaparate para el sector primario important\u00edsimo y cada vez que el Cabildo lo necesite, en la medida de nuestras posibilidades, estaremos apoy\u00e1ndolo\u201d.\u00a0<\/span><\/p>\n<p><span>La instalaci\u00f3n de estas carpas se enmarca dentro del compromiso del ayuntamiento por mejorar las infraestructuras municipales y ofrecer a la ciudadan\u00eda espacios confortables y accesibles para el desarrollo de eventos que promuevan la tradici\u00f3n y el arraigo en el municipio.<\/span><\/p>\n<\/div>\n","protected":false},"excerpt":{"rendered":"<p><i>El Ayuntamiento colabora con el Cabildo de Fuerteventura en una de las ferias m\u00e1s importantes del sector primario de Canarias<\/i><\/p>\n","protected":false},"author":1,"featured_media":18622,"comment_status":"open","ping_status":"open","sticky":false,"template":"","format":"standard","meta":{"inline_featured_image":false,"jnews-multi-image_gallery":[],"jnews_single_post":[],"jnews_primary_category":[],"jnews_social_meta":[],"jnews_override_counter":[],"jnews_post_split":[],"footnotes":""},"categories":[63],"tags":[69,82],"class_list":["post-18620","post","type-post","status-publish","format-standard","has-post-thumbnail","hentry","category-pajara","tag-eventos","tag-fuerteventura"],"jetpack_featured_media_url":"https:\/\/informacionlocal.es\/wp-content\/uploads\/2026\/03\/carpas-feaga-2026-2.jpeg","_links":{"self":[{"href":"https:\/\/informacionlocal.es\/it\/wp-json\/wp\/v2\/posts\/18620","targetHints":{"allow":["GET"]}}],"collection":[{"href":"https:\/\/informacionlocal.es\/it\/wp-json\/wp\/v2\/posts"}],"about":[{"href":"https:\/\/informacionlocal.es\/it\/wp-json\/wp\/v2\/types\/post"}],"author":[{"embeddable":true,"href":"https:\/\/informacionlocal.es\/it\/wp-json\/wp\/v2\/users\/1"}],"replies":[{"embeddable":true,"href":"https:\/\/informacionlocal.es\/it\/wp-json\/wp\/v2\/comments?post=18620"}],"version-history":[{"count":0,"href":"https:\/\/informacionlocal.es\/it\/wp-json\/wp\/v2\/posts\/18620\/revisions"}],"wp:featuredmedia":[{"embeddable":true,"href":"https:\/\/informacionlocal.es\/it\/wp-json\/wp\/v2\/media\/18622"}],"wp:attachment":[{"href":"https:\/\/informacionlocal.es\/it\/wp-json\/wp\/v2\/media?parent=18620"}],"wp:term":[{"taxonomy":"category","embeddable":true,"href":"https:\/\/informacionlocal.es\/it\/wp-json\/wp\/v2\/categories?post=18620"},{"taxonomy":"post_tag","embeddable":true,"href":"https:\/\/informacionlocal.es\/it\/wp-json\/wp\/v2\/tags?post=18620"}],"curies":[{"name":"wp","href":"https:\/\/api.w.org\/{rel}","templated":true}]}}