{"id":18608,"date":"2026-03-12T19:01:54","date_gmt":"2026-03-12T19:01:54","guid":{"rendered":"https:\/\/informacionlocal.es\/puerto-del-rosario-celebra-este-sabado-el-festival-puerto-magico-y-traslada-el-evento-a-la-trasera-de-la-iglesia-de-nuestra-senora-del-rosario-por-prevision-de-viento\/"},"modified":"2026-03-12T19:01:54","modified_gmt":"2026-03-12T19:01:54","slug":"puerto-del-rosario-celebra-este-sabado-el-festival-puerto-magico-y-traslada-el-evento-a-la-trasera-de-la-iglesia-de-nuestra-senora-del-rosario-por-prevision-de-viento","status":"publish","type":"post","link":"https:\/\/informacionlocal.es\/it\/puerto-del-rosario-celebra-este-sabado-el-festival-puerto-magico-y-traslada-el-evento-a-la-trasera-de-la-iglesia-de-nuestra-senora-del-rosario-por-prevision-de-viento\/","title":{"rendered":"Puerto del Rosario celebra este s\u00e1bado el festival \u201cPuerto M\u00e1gico\u201d y traslada el evento a la trasera de la Iglesia de Nuestra Se\u00f1ora del Rosario por previsi\u00f3n de viento"},"content":{"rendered":"<div class=\"entry-content\">\n<p><em>La jornada de magia y ocio familiar se desarrollar\u00e1 el 14 de marzo desde las 11:00 horas con talleres, actividades infantiles y una gran gala de ilusionismo<\/em><\/p>\n<p><em>Puerto del Rosario celebrar\u00e1 este <\/em><strong><em>s\u00e1bado, 14 de marzo,<\/em><\/strong><em> el festival <\/em><strong><em>\u201cPuerto M\u00e1gico\u201d<\/em><\/strong><em>, una jornada dedicada al ilusionismo y al ocio familiar que reunir\u00e1 durante todo el d\u00eda espect\u00e1culos de magia, talleres participativos, actividades infantiles y proyecciones audiovisuales.<\/em><\/p>\n<p>El <strong>alcalde, David de Vera, y el concejal de Cultura, Juan Manuel Verdugo<\/strong>, hacen \u201cuna invitaci\u00f3n para asistir de este evento gratuito, para todos los p\u00fablicos, disfrutando de una jornada diferente con familiares y amigos\u201d.<\/p>\n<p><em>Como principal novedad, la organizaci\u00f3n ha decidido <\/em><strong><em>trasladar el evento a la trasera de la Iglesia de Nuestra Se\u00f1ora del Rosario<\/em><\/strong><em>, en el centro de la capital, <\/em><strong><em>debido a las condiciones atmosf\u00e9ricas previstas por el viento<\/em><\/strong><em>. Este cambio de ubicaci\u00f3n tiene como objetivo garantizar el correcto desarrollo de las actividades programadas y ofrecer un espacio m\u00e1s protegido para el p\u00fablico y los participantes.<\/em><\/p>\n<p><em>La programaci\u00f3n comenzar\u00e1 a las <\/em><strong><em>11:00 horas<\/em><\/strong><em> con la apertura del recinto y la activaci\u00f3n de la zona infantil, que contar\u00e1 con <\/em><strong><em>hinchables, animaci\u00f3n, personajes itinerantes y zancudos<\/em><\/strong><em>, generando un ambiente festivo pensado especialmente para familias y p\u00fablico infantil.<\/em><\/p>\n<p><em>A las <\/em><strong><em>12:00 horas<\/em><\/strong><em> se celebrar\u00e1 el <\/em><strong><em>taller de magia con Willy<\/em><\/strong><em>, un ilusionista llegado desde Gran Canaria que ofrecer\u00e1 una actividad participativa en la que ni\u00f1os y familias podr\u00e1n iniciarse en algunos de los fundamentos de este arte esc\u00e9nico. Durante la jornada tambi\u00e9n se desarrollar\u00e1n <\/em><strong><em>proyecciones de cine familiar en una carpa audiovisual<\/em><\/strong><em>, con diferentes pases de pel\u00edculas infantiles.<\/em><\/p>\n<p><em>La programaci\u00f3n continuar\u00e1 por la tarde con nuevas propuestas. A las <\/em><strong><em>16:00 horas<\/em><\/strong><em> tendr\u00e1 lugar un <\/em><strong><em>show y taller de pompas de jab\u00f3n<\/em><\/strong><em>, mientras que a las <\/em><strong><em>16:30 horas<\/em><\/strong><em> se celebrar\u00e1 un <\/em><strong><em>taller de manualidades m\u00e1gicas<\/em><\/strong><em>, en el que los participantes podr\u00e1n crear su propio pack de mago con sombrero, varita y un sencillo truco de magia.<\/em><\/p>\n<p><em>\u00a0<\/em><em>Uno de los momentos destacados llegar\u00e1 a las <\/em><strong><em>18:00 horas<\/em><\/strong><em> con el espect\u00e1culo familiar de <\/em><strong><em>El Payaso Pepo<\/em><\/strong><em>, un show pensado para todos los p\u00fablicos que combinar\u00e1 humor, interacci\u00f3n con el p\u00fablico y entretenimiento. Posteriormente, a las <\/em><strong><em>19:00 horas<\/em><\/strong><em>, el reconocido mago c\u00f3mico <\/em><strong><em>V\u00edctor Vitia<\/em><\/strong><em> ofrecer\u00e1 un <\/em><strong><em>taller especial de magia<\/em><\/strong><em>, en el que compartir\u00e1 con el p\u00fablico algunas t\u00e9cnicas y curiosidades de magia.<\/em><\/p>\n<p><em>La jornada culminar\u00e1 con la <\/em><strong><em>Gran Gala M\u00e1gica<\/em><\/strong><em>, que reunir\u00e1 sobre el escenario a varios magos destacados del panorama actual. El espect\u00e1culo comenzar\u00e1 a las <\/em><strong><em>20:00 horas<\/em><\/strong><em> con la actuaci\u00f3n del joven mago majorero <\/em><strong><em>Ra\u00fal Magic<\/em><\/strong><em>, considerado una de las revelaciones nacionales del sector. A continuaci\u00f3n, a las <\/em><strong><em>20:45 horas<\/em><\/strong><em>, actuar\u00e1 <\/em><strong><em>Magia Melanie<\/em><\/strong><em>, conocida por su participaci\u00f3n en programas televisivos como <\/em><em>GotTalent<\/em><em>, y el cierre llegar\u00e1 a las <\/em><strong><em>21:15 horas<\/em><\/strong><em> con el espect\u00e1culo del reconocido mago <\/em><strong><em>V\u00edctor Vitia<\/em><\/strong><em>.<\/em><\/p>\n<p><em>El festival <\/em><strong><em>\u201cPuerto M\u00e1gico\u201d<\/em><\/strong><em>, organizado por el<\/em><strong><em> Ayuntamiento de Puerto del Rosario<\/em><\/strong><em>, se plantea como una propuesta cultural abierta a todos los p\u00fablicos que busca acercar el mundo de la magia a vecinos y visitantes.<\/em><\/p>\n<\/div>\n","protected":false},"excerpt":{"rendered":"<p>La jornada de magia y ocio familiar se desarrollar\u00e1 el 14 de marzo desde las 11:00 horas con talleres, actividades infantiles y una gran gala de ilusionismo Puerto del Rosario [&hellip;]<\/p>\n","protected":false},"author":1,"featured_media":18610,"comment_status":"open","ping_status":"open","sticky":false,"template":"","format":"standard","meta":{"inline_featured_image":false,"jnews-multi-image_gallery":[],"jnews_single_post":[],"jnews_primary_category":[],"jnews_social_meta":[],"jnews_override_counter":[],"jnews_post_split":[],"footnotes":""},"categories":[61],"tags":[],"class_list":["post-18608","post","type-post","status-publish","format-standard","has-post-thumbnail","hentry","category-puerto-del-rosario"],"jetpack_featured_media_url":"https:\/\/informacionlocal.es\/wp-content\/uploads\/2026\/03\/magia-titu-2-archivo.jpeg","_links":{"self":[{"href":"https:\/\/informacionlocal.es\/it\/wp-json\/wp\/v2\/posts\/18608","targetHints":{"allow":["GET"]}}],"collection":[{"href":"https:\/\/informacionlocal.es\/it\/wp-json\/wp\/v2\/posts"}],"about":[{"href":"https:\/\/informacionlocal.es\/it\/wp-json\/wp\/v2\/types\/post"}],"author":[{"embeddable":true,"href":"https:\/\/informacionlocal.es\/it\/wp-json\/wp\/v2\/users\/1"}],"replies":[{"embeddable":true,"href":"https:\/\/informacionlocal.es\/it\/wp-json\/wp\/v2\/comments?post=18608"}],"version-history":[{"count":0,"href":"https:\/\/informacionlocal.es\/it\/wp-json\/wp\/v2\/posts\/18608\/revisions"}],"wp:featuredmedia":[{"embeddable":true,"href":"https:\/\/informacionlocal.es\/it\/wp-json\/wp\/v2\/media\/18610"}],"wp:attachment":[{"href":"https:\/\/informacionlocal.es\/it\/wp-json\/wp\/v2\/media?parent=18608"}],"wp:term":[{"taxonomy":"category","embeddable":true,"href":"https:\/\/informacionlocal.es\/it\/wp-json\/wp\/v2\/categories?post=18608"},{"taxonomy":"post_tag","embeddable":true,"href":"https:\/\/informacionlocal.es\/it\/wp-json\/wp\/v2\/tags?post=18608"}],"curies":[{"name":"wp","href":"https:\/\/api.w.org\/{rel}","templated":true}]}}