{"id":18578,"date":"2026-03-12T14:02:22","date_gmt":"2026-03-12T14:02:22","guid":{"rendered":"https:\/\/informacionlocal.es\/abierto-el-periodo-de-solicitud-de-ayudas-para-la-mejora-de-eficiencia-energetica-y-fomento-de-energias-renovables\/"},"modified":"2026-03-12T14:02:22","modified_gmt":"2026-03-12T14:02:22","slug":"abierto-el-periodo-de-solicitud-de-ayudas-para-la-mejora-de-eficiencia-energetica-y-fomento-de-energias-renovables","status":"publish","type":"post","link":"https:\/\/informacionlocal.es\/it\/abierto-el-periodo-de-solicitud-de-ayudas-para-la-mejora-de-eficiencia-energetica-y-fomento-de-energias-renovables\/","title":{"rendered":"Abierto el periodo de solicitud de ayudas para la mejora de eficiencia energ\u00e9tica y fomento de energ\u00edas renovables"},"content":{"rendered":"<div class=\"entry-content\">\n<p><b><i>Las personas interesadas podr\u00e1n rellenar la solicitud hasta el 4 de abril<\/i><\/b><\/p>\n<p><span>El Ayuntamiento de P\u00e1jara comunica que ya est\u00e1 abierta la convocatoria de ayudas para la mejora de la eficiencia energ\u00e9tica y fomento de las energ\u00edas renovables otorgadas por la Consejer\u00eda de Industria, Actividades Clasificadas, Desarrollo Econ\u00f3mico y Seguridad del Cabildo de Fuerteventura.\u00a0<\/span><\/p>\n<p><span>La iniciativa, llevada a cabo por el Cabildo insular, aborda seis nuevas l\u00edneas de ayudas destinadas a familias, pymes y al sector primario, adem\u00e1s de explotaciones agr\u00edcolas y ganaderas.<\/span><\/p>\n<p><span>Las personas interesadas podr\u00e1n rellenar la solicitud hasta el 4 de abril a trav\u00e9s de la sede electr\u00f3nica de la corporaci\u00f3n insular, o de manera presencial en el Registro General, en el Servicio de Industria del Parque Tecnol\u00f3gico. Para m\u00e1s informaci\u00f3n, se puede consultar la p\u00e1gina web <\/span><span>www.cabildofuer.es<\/span><span>.<\/span><\/p>\n<\/div>\n","protected":false},"excerpt":{"rendered":"<p><i>Las personas interesadas podr\u00e1n rellenar la solicitud hasta el 4 de abril<\/i><\/p>\n","protected":false},"author":1,"featured_media":18580,"comment_status":"open","ping_status":"open","sticky":false,"template":"","format":"standard","meta":{"inline_featured_image":false,"jnews-multi-image_gallery":[],"jnews_single_post":[],"jnews_primary_category":[],"jnews_social_meta":[],"jnews_override_counter":[],"jnews_post_split":[],"footnotes":""},"categories":[63],"tags":[82],"class_list":["post-18578","post","type-post","status-publish","format-standard","has-post-thumbnail","hentry","category-pajara","tag-fuerteventura"],"jetpack_featured_media_url":"https:\/\/informacionlocal.es\/wp-content\/uploads\/2026\/03\/nuevo-feed-insta-ayto-pajara-45.png","_links":{"self":[{"href":"https:\/\/informacionlocal.es\/it\/wp-json\/wp\/v2\/posts\/18578","targetHints":{"allow":["GET"]}}],"collection":[{"href":"https:\/\/informacionlocal.es\/it\/wp-json\/wp\/v2\/posts"}],"about":[{"href":"https:\/\/informacionlocal.es\/it\/wp-json\/wp\/v2\/types\/post"}],"author":[{"embeddable":true,"href":"https:\/\/informacionlocal.es\/it\/wp-json\/wp\/v2\/users\/1"}],"replies":[{"embeddable":true,"href":"https:\/\/informacionlocal.es\/it\/wp-json\/wp\/v2\/comments?post=18578"}],"version-history":[{"count":0,"href":"https:\/\/informacionlocal.es\/it\/wp-json\/wp\/v2\/posts\/18578\/revisions"}],"wp:featuredmedia":[{"embeddable":true,"href":"https:\/\/informacionlocal.es\/it\/wp-json\/wp\/v2\/media\/18580"}],"wp:attachment":[{"href":"https:\/\/informacionlocal.es\/it\/wp-json\/wp\/v2\/media?parent=18578"}],"wp:term":[{"taxonomy":"category","embeddable":true,"href":"https:\/\/informacionlocal.es\/it\/wp-json\/wp\/v2\/categories?post=18578"},{"taxonomy":"post_tag","embeddable":true,"href":"https:\/\/informacionlocal.es\/it\/wp-json\/wp\/v2\/tags?post=18578"}],"curies":[{"name":"wp","href":"https:\/\/api.w.org\/{rel}","templated":true}]}}