{"id":18565,"date":"2026-03-11T19:02:07","date_gmt":"2026-03-11T19:02:07","guid":{"rendered":"https:\/\/informacionlocal.es\/puerto-del-rosario-da-un-nuevo-paso-en-la-tramitacion-del-catalogo-municipal-de-proteccion-para-reforzar-la-conservacion-del-patrimonio-historico\/"},"modified":"2026-03-11T19:02:07","modified_gmt":"2026-03-11T19:02:07","slug":"puerto-del-rosario-da-un-nuevo-paso-en-la-tramitacion-del-catalogo-municipal-de-proteccion-para-reforzar-la-conservacion-del-patrimonio-historico","status":"publish","type":"post","link":"https:\/\/informacionlocal.es\/it\/puerto-del-rosario-da-un-nuevo-paso-en-la-tramitacion-del-catalogo-municipal-de-proteccion-para-reforzar-la-conservacion-del-patrimonio-historico\/","title":{"rendered":"Puerto del Rosario da un nuevo paso en la tramitaci\u00f3n del cat\u00e1logo municipal de protecci\u00f3n para reforzar la conservaci\u00f3n del patrimonio hist\u00f3rico"},"content":{"rendered":"<div class=\"entry-content\">\n<p>El Ayuntamiento de Puerto del Rosario celebr\u00f3 este mi\u00e9rcoles un pleno extraordinario en el que se dio cuenta de un nuevo paso en la tramitaci\u00f3n del <strong>Cat\u00e1logo Municipal de Protecci\u00f3n<\/strong>, un documento clave para la conservaci\u00f3n y puesta en valor del patrimonio hist\u00f3rico, arquitect\u00f3nico, etnogr\u00e1fico y arqueol\u00f3gico del municipio.<\/p>\n<p>Durante la sesi\u00f3n plenaria se inform\u00f3 sobre el resultado del periodo de informaci\u00f3n p\u00fablica abierto tras la aprobaci\u00f3n inicial del documento, un proceso que ha permitido garantizar la transparencia y la participaci\u00f3n ciudadana. En este periodo se registraron <strong>179 alegaciones<\/strong>, que han sido analizadas y respondidas por el equipo redactor del cat\u00e1logo.<\/p>\n<p>El alcalde de Puerto del Rosario, <strong>David de Vera<\/strong>, destac\u00f3 la importancia de este instrumento para proteger la identidad del municipio.<\/p>\n<p><em>\u201cEl Cat\u00e1logo Municipal de Protecci\u00f3n es una herramienta fundamental para preservar la historia y la identidad de Puerto del Rosario. Nuestro objetivo es garantizar que el desarrollo del municipio se realice con respeto a los elementos que forman parte de nuestra memoria colectiva y de nuestro legado cultural\u201d,<\/em> se\u00f1al\u00f3.<\/p>\n<p>Entre los aspectos abordados en el pleno destaca la propuesta de <strong>reincorporaci\u00f3n de los inmuebles situados en el \u00e1mbito de La Cornisa<\/strong>, cuya exclusi\u00f3n en la aprobaci\u00f3n inicial fue objeto de numerosas alegaciones. En este sentido, <strong>los informes emitidos por las administraciones competentes en materia de patrimonio, tanto del Gobierno de Canarias como del Cabildo de Fuerteventura, respaldan su inclusi\u00f3n en el cat\u00e1logo<\/strong>, en aplicaci\u00f3n de la Ley de Patrimonio Cultural de Canarias.<\/p>\n<p>Asimismo, esta propuesta tambi\u00e9n ha sido respaldada por <strong>alegaciones presentadas por asociaciones, colectivos y particulares<\/strong>, que solicitaron igualmente que estos inmuebles formaran parte del cat\u00e1logo de protecci\u00f3n.<\/p>\n<p>El concejal de Patrimonio Hist\u00f3rico, <strong>David de Le\u00f3n<\/strong>, explic\u00f3 durante su intervenci\u00f3n que el procedimiento seguido responde al compromiso del Ayuntamiento con la legalidad, la transparencia y la protecci\u00f3n del patrimonio municipal.<\/p>\n<p><em>\u201cUn cat\u00e1logo de protecci\u00f3n no es una lista de prohibiciones. Es un mapa de nuestra identidad. Es la herramienta que garantiza que las generaciones futuras puedan seguir leyendo en los edificios, en los caminos y en los espacios de nuestro municipio la historia de qui\u00e9nes fuimos y qui\u00e9nes somos\u201d, <\/em>afirm\u00f3.<\/p>\n<p>El expediente contempla adem\u00e1s <strong>la incorporaci\u00f3n de 60 nuevos bienes patrimoniales<\/strong>, que se suman al cat\u00e1logo municipal. Estos nuevos elementos corresponden a <strong>bienes arquitect\u00f3nicos, etnogr\u00e1ficos y arqueol\u00f3gicos<\/strong>, ampliando as\u00ed el inventario de elementos protegidos del municipio.<\/p>\n<p>De esta forma, el Ayuntamiento de Puerto del Rosario contin\u00faa desarrollando la tramitaci\u00f3n de un documento estrat\u00e9gico que permitir\u00e1 <strong>identificar, proteger y poner en valor el patrimonio hist\u00f3rico del municipio<\/strong>, garantizando que los elementos que forman parte de su historia queden recogidos y preservados para las generaciones futuras.<\/p>\n<\/div>\n","protected":false},"excerpt":{"rendered":"<p>El Ayuntamiento de Puerto del Rosario celebr\u00f3 este mi\u00e9rcoles un pleno extraordinario en el que se dio cuenta de un nuevo paso en la tramitaci\u00f3n del Cat\u00e1logo Municipal de Protecci\u00f3n, [&hellip;]<\/p>\n","protected":false},"author":1,"featured_media":18567,"comment_status":"open","ping_status":"open","sticky":false,"template":"","format":"standard","meta":{"inline_featured_image":false,"jnews-multi-image_gallery":[],"jnews_single_post":[],"jnews_primary_category":[],"jnews_social_meta":[],"jnews_override_counter":[],"jnews_post_split":[],"footnotes":""},"categories":[61],"tags":[82],"class_list":["post-18565","post","type-post","status-publish","format-standard","has-post-thumbnail","hentry","category-puerto-del-rosario","tag-fuerteventura"],"jetpack_featured_media_url":"https:\/\/informacionlocal.es\/wp-content\/uploads\/2026\/03\/pleno-titu-110326.jpeg","_links":{"self":[{"href":"https:\/\/informacionlocal.es\/it\/wp-json\/wp\/v2\/posts\/18565","targetHints":{"allow":["GET"]}}],"collection":[{"href":"https:\/\/informacionlocal.es\/it\/wp-json\/wp\/v2\/posts"}],"about":[{"href":"https:\/\/informacionlocal.es\/it\/wp-json\/wp\/v2\/types\/post"}],"author":[{"embeddable":true,"href":"https:\/\/informacionlocal.es\/it\/wp-json\/wp\/v2\/users\/1"}],"replies":[{"embeddable":true,"href":"https:\/\/informacionlocal.es\/it\/wp-json\/wp\/v2\/comments?post=18565"}],"version-history":[{"count":0,"href":"https:\/\/informacionlocal.es\/it\/wp-json\/wp\/v2\/posts\/18565\/revisions"}],"wp:featuredmedia":[{"embeddable":true,"href":"https:\/\/informacionlocal.es\/it\/wp-json\/wp\/v2\/media\/18567"}],"wp:attachment":[{"href":"https:\/\/informacionlocal.es\/it\/wp-json\/wp\/v2\/media?parent=18565"}],"wp:term":[{"taxonomy":"category","embeddable":true,"href":"https:\/\/informacionlocal.es\/it\/wp-json\/wp\/v2\/categories?post=18565"},{"taxonomy":"post_tag","embeddable":true,"href":"https:\/\/informacionlocal.es\/it\/wp-json\/wp\/v2\/tags?post=18565"}],"curies":[{"name":"wp","href":"https:\/\/api.w.org\/{rel}","templated":true}]}}