{"id":18547,"date":"2026-03-11T16:02:32","date_gmt":"2026-03-11T16:02:32","guid":{"rendered":"https:\/\/informacionlocal.es\/ultimo-dia-para-entregar-propuestas-al-cartel-anunciador-de-la-feria-insular-de-artesania-fuerteventura-2026\/"},"modified":"2026-03-11T16:02:32","modified_gmt":"2026-03-11T16:02:32","slug":"ultimo-dia-para-entregar-propuestas-al-cartel-anunciador-de-la-feria-insular-de-artesania-fuerteventura-2026","status":"publish","type":"post","link":"https:\/\/informacionlocal.es\/it\/ultimo-dia-para-entregar-propuestas-al-cartel-anunciador-de-la-feria-insular-de-artesania-fuerteventura-2026\/","title":{"rendered":"\u00daltimo d\u00eda para entregar propuestas al Cartel Anunciador de la Feria Insular de Artesan\u00eda Fuerteventura 2026"},"content":{"rendered":"<div class=\"elementor-widget-container\">\n<p><strong>\u00daltimo d\u00eda para entregar propuestas al Cartel Anunciador de la Feria Insular de Artesan\u00eda Fuerteventura 2026<\/strong><\/p>\n<p><strong>\u2022 Este mi\u00e9rcoles 12 de marzo a las 13:00 horas se cierra el plazo de presentaci\u00f3n de trabajos para ser el Cartel anunciador de la Feria Insular de Artesan\u00eda Fuerteventura 2026. <\/strong><br \/><strong>\u2022 El Cartel debe incluir \u2018XXXVII Feria Insular de Artesan\u00eda, Fuerteventura 2026. Antigua 7, 8, 9 y 10 de mayo. Apertura jueves 7 a las 18:00 horas\u2019<\/strong><\/p>\n<p>La Organizaci\u00f3n de la Feria Insular de Artesan\u00eda Fuerteventura, Ayuntamiento de Antigua y Fundaci\u00f3n Colectivo Mafasca, recuerda que este mi\u00e9rcoles 12 de marzo a las 13:00 horas finaliza el plazo de presentaci\u00f3n de dise\u00f1os para ser el pr\u00f3ximo Cartel Anunciador de la trig\u00e9simo s\u00e9ptima edici\u00f3n de la cita de artesan\u00eda que re\u00fane artesanos y artesanas de oficio de todas las islas.<\/p>\n<p>El alcalde, Mat\u00edas Pe\u00f1a Garc\u00eda y el concejal de Cultura, Jonathan Pe\u00f1a, animan a la participaci\u00f3n de artistas dise\u00f1adores y creativos, que adem\u00e1s de tener un incentivo de 500 euros al ganador, a\u00f1ade la presidenta del Colectivo Mafasca, Nereida Brito, se convierte en el Cartel anunciador de una de las ferias de Artesan\u00eda m\u00e1s representativa en Canarias y con una promoci\u00f3n regional, nacional y de gran seguimiento en redes.<\/p>\n<p>La Artesan\u00eda es el tema principal propuesto en las Bases del Cartel Anunciador de la nueva edici\u00f3n de la Feria Insular de Artesan\u00eda, Fuerteventura 2026, cuyos criterios y requisitos de presentaci\u00f3n pueden consultarse en el Tabl\u00f3n de Anuncios en la sede electr\u00f3nica www.ayto-antigua.es, centros culturales, Biblioteca Municipal y departamento de Cultura en Antigua.<\/p>\n<p>Entre los criterios principales, el Cartel Anunciador debe incluir \u2018XXXVII Feria Insular de Artesan\u00eda, Fuerteventura 2026. Antigua 7, 8, 9 y 10 de mayo. Apertura jueves 7 a las 18:00 horas\u2019.<\/p>\n<p>\u00a0<\/p>\n<p>\u00a0<\/p>\n<\/div>\n","protected":false},"excerpt":{"rendered":"<p><strong>\u00daltimo d\u00eda para entregar propuestas al Cartel Anunciador de la Feria Insular de Artesan\u00eda Fuerteventura 2026<\/strong><\/p>\n","protected":false},"author":1,"featured_media":18549,"comment_status":"open","ping_status":"open","sticky":false,"template":"","format":"standard","meta":{"inline_featured_image":false,"jnews-multi-image_gallery":[],"jnews_single_post":[],"jnews_primary_category":[],"jnews_social_meta":[],"jnews_override_counter":[],"jnews_post_split":[],"footnotes":""},"categories":[59],"tags":[82],"class_list":["post-18547","post","type-post","status-publish","format-standard","has-post-thumbnail","hentry","category-antigua","tag-fuerteventura"],"jetpack_featured_media_url":"https:\/\/informacionlocal.es\/wp-content\/uploads\/2026\/03\/alcalde-de-antigua-presidenta-cmafasca-y-concejal-de-cultura-en-la-pasada-edicion.jpg","_links":{"self":[{"href":"https:\/\/informacionlocal.es\/it\/wp-json\/wp\/v2\/posts\/18547","targetHints":{"allow":["GET"]}}],"collection":[{"href":"https:\/\/informacionlocal.es\/it\/wp-json\/wp\/v2\/posts"}],"about":[{"href":"https:\/\/informacionlocal.es\/it\/wp-json\/wp\/v2\/types\/post"}],"author":[{"embeddable":true,"href":"https:\/\/informacionlocal.es\/it\/wp-json\/wp\/v2\/users\/1"}],"replies":[{"embeddable":true,"href":"https:\/\/informacionlocal.es\/it\/wp-json\/wp\/v2\/comments?post=18547"}],"version-history":[{"count":0,"href":"https:\/\/informacionlocal.es\/it\/wp-json\/wp\/v2\/posts\/18547\/revisions"}],"wp:featuredmedia":[{"embeddable":true,"href":"https:\/\/informacionlocal.es\/it\/wp-json\/wp\/v2\/media\/18549"}],"wp:attachment":[{"href":"https:\/\/informacionlocal.es\/it\/wp-json\/wp\/v2\/media?parent=18547"}],"wp:term":[{"taxonomy":"category","embeddable":true,"href":"https:\/\/informacionlocal.es\/it\/wp-json\/wp\/v2\/categories?post=18547"},{"taxonomy":"post_tag","embeddable":true,"href":"https:\/\/informacionlocal.es\/it\/wp-json\/wp\/v2\/tags?post=18547"}],"curies":[{"name":"wp","href":"https:\/\/api.w.org\/{rel}","templated":true}]}}