{"id":18541,"date":"2026-03-11T15:02:52","date_gmt":"2026-03-11T15:02:52","guid":{"rendered":"https:\/\/informacionlocal.es\/el-rally-de-antigua-2026-se-reescribe-con-mas-kilometros-nuevos-tramos-y-un-espectacular-tramo-nocturno\/"},"modified":"2026-03-11T15:02:52","modified_gmt":"2026-03-11T15:02:52","slug":"el-rally-de-antigua-2026-se-reescribe-con-mas-kilometros-nuevos-tramos-y-un-espectacular-tramo-nocturno","status":"publish","type":"post","link":"https:\/\/informacionlocal.es\/it\/el-rally-de-antigua-2026-se-reescribe-con-mas-kilometros-nuevos-tramos-y-un-espectacular-tramo-nocturno\/","title":{"rendered":"El Rally de Antigua 2026 se reescribe con m\u00e1s kil\u00f3metros, nuevos tramos y un espectacular tramo nocturno"},"content":{"rendered":"<div class=\"elementor-widget-container\">\n<p><strong>El Rally de Antigua 2026 se reescribe con m\u00e1s kil\u00f3metros, nuevos tramos y un espectacular tramo nocturno<\/strong><\/p>\n<p><strong>\u2022 El Ayuntamiento de Antigua junto con los Clubs Unidos de Fuerteventura preparan un Rally de Antigua de v\u00e9rtigo, presentando nuevas rutas y frecuencias.<\/strong><br \/><strong>\u2022 Una zona asistencial m\u00e1s amplia acoger\u00e1 los coches en la trasera de la ITV de Antigua. <\/strong><br \/><strong>\u2022 La Organizaci\u00f3n anuncia por primera vez en el Rally de Antigua, la inclusi\u00f3n de un llamativo Tramo Nocturno, espect\u00e1culo de luces, speaker-Dj y sonido de motor. <\/strong><br \/><strong>\u2022 El Rally de Antigua 2026 tendr\u00e1 lugar el viernes 4 y s\u00e1bado 5 de septiembre, con salida protocolaria desde la Plaza de Antigua.<\/strong><\/p>\n<p>El rugido de los motores volver\u00e1 a vibrar con m\u00e1s fuerza que nunca en el coraz\u00f3n de Fuerteventura. El Ayuntamiento de Antigua, en estrecha colaboraci\u00f3n con los Clubs Unidos de Fuerteventura, desvela los primeros detalles preparatorios de la edici\u00f3n 2026 del Rally de Antigua, una cita que promete romper todos los esquemas previos con un formato de v\u00e9rtigo.<\/p>\n<p>El alcalde, Mat\u00edas Pe\u00f1a Garc\u00eda y el concejal de Deportes, Samuel Torres Mesa, han mantenido una reuni\u00f3n con los representantes de los Clubs Unidos de Fuerteventura, Ernesto Su\u00e1rez Gil y Ayose Cerde\u00f1a M\u00e9ndez, presentando planos de nuevas rutas y frecuencias que aumentan de 49 a 73 kil\u00f3metros de tramos Rally de Antigua 2026.<\/p>\n<p>El alcalde felicita la preparaci\u00f3n y fortaleza de los Clubs Unidos de Fuerteventura que siendo m\u00e1s fuertes y contando cada vez con m\u00e1s pilotos y equipos en sus filas, son la garant\u00eda y mejor defensa y promoci\u00f3n del motor en la isla. La rompedora propuesta del Rally de Antigua 2026, as\u00ed lo demuestra, a\u00f1ade Mat\u00edas Pe\u00f1a.<\/p>\n<p>El concejal de Deportes, Samuel Torres, destaca el nuevo trazado fuera de zonas sensibles medioambientalmente y viviendas particulares, acondicionando una nueva zona de asistencia m\u00e1s amplia y funcional en la trasera de la ITV de Antigua e incorporando un tramo nocturno que ser\u00e1 puro espect\u00e1culo.<\/p>\n<\/div>\n","protected":false},"excerpt":{"rendered":"<p><strong>El Rally de Antigua 2026 se reescribe con m\u00e1s kil\u00f3metros, nuevos tramos y un espectacular tramo nocturno<\/strong><\/p>\n","protected":false},"author":1,"featured_media":18543,"comment_status":"open","ping_status":"open","sticky":false,"template":"","format":"standard","meta":{"inline_featured_image":false,"jnews-multi-image_gallery":[],"jnews_single_post":[],"jnews_primary_category":[],"jnews_social_meta":[],"jnews_override_counter":[],"jnews_post_split":[],"footnotes":""},"categories":[59],"tags":[82],"class_list":["post-18541","post","type-post","status-publish","format-standard","has-post-thumbnail","hentry","category-antigua","tag-fuerteventura"],"jetpack_featured_media_url":"https:\/\/informacionlocal.es\/wp-content\/uploads\/2026\/03\/el-rally-de-antigua-2026-se-reescribe-con-mas-kilometros-nuevos-tramos-y-un-espectacular-tramo-nocturno-1-scaled-1.jpg","_links":{"self":[{"href":"https:\/\/informacionlocal.es\/it\/wp-json\/wp\/v2\/posts\/18541","targetHints":{"allow":["GET"]}}],"collection":[{"href":"https:\/\/informacionlocal.es\/it\/wp-json\/wp\/v2\/posts"}],"about":[{"href":"https:\/\/informacionlocal.es\/it\/wp-json\/wp\/v2\/types\/post"}],"author":[{"embeddable":true,"href":"https:\/\/informacionlocal.es\/it\/wp-json\/wp\/v2\/users\/1"}],"replies":[{"embeddable":true,"href":"https:\/\/informacionlocal.es\/it\/wp-json\/wp\/v2\/comments?post=18541"}],"version-history":[{"count":0,"href":"https:\/\/informacionlocal.es\/it\/wp-json\/wp\/v2\/posts\/18541\/revisions"}],"wp:featuredmedia":[{"embeddable":true,"href":"https:\/\/informacionlocal.es\/it\/wp-json\/wp\/v2\/media\/18543"}],"wp:attachment":[{"href":"https:\/\/informacionlocal.es\/it\/wp-json\/wp\/v2\/media?parent=18541"}],"wp:term":[{"taxonomy":"category","embeddable":true,"href":"https:\/\/informacionlocal.es\/it\/wp-json\/wp\/v2\/categories?post=18541"},{"taxonomy":"post_tag","embeddable":true,"href":"https:\/\/informacionlocal.es\/it\/wp-json\/wp\/v2\/tags?post=18541"}],"curies":[{"name":"wp","href":"https:\/\/api.w.org\/{rel}","templated":true}]}}