{"id":17037,"date":"2026-01-31T02:00:11","date_gmt":"2026-01-31T02:00:11","guid":{"rendered":"https:\/\/informacionlocal.es\/el-ayuntamiento-impulsa-la-demolicion-de-una-edificacion-en-mal-estado-en-el-ceip-puerto-del-rosario-para-garantizar-la-seguridad-del-alumnado\/"},"modified":"2026-01-31T02:00:11","modified_gmt":"2026-01-31T02:00:11","slug":"el-ayuntamiento-impulsa-la-demolicion-de-una-edificacion-en-mal-estado-en-el-ceip-puerto-del-rosario-para-garantizar-la-seguridad-del-alumnado","status":"publish","type":"post","link":"https:\/\/informacionlocal.es\/it\/el-ayuntamiento-impulsa-la-demolicion-de-una-edificacion-en-mal-estado-en-el-ceip-puerto-del-rosario-para-garantizar-la-seguridad-del-alumnado\/","title":{"rendered":"El Ayuntamiento impulsa la demolici\u00f3n de una edificaci\u00f3n en mal estado en el CEIP Puerto del Rosario para garantizar la seguridad del alumnado"},"content":{"rendered":"<div class=\"entry-content\">\n<p>El Ayuntamiento de Puerto del Rosario ha realizado una visita al CEIP Puerto del Rosario para comprobar in situ el estado de una edificaci\u00f3n anexa al centro educativo que presenta un avanzado deterioro y que supone un riesgo potencial para la comunidad educativa.<\/p>\n<p>Durante la visita, el alcalde de Puerto del Rosario, Crist\u00f3bal David de Vera Cabrera, present\u00f3 el proyecto de demolici\u00f3n del edificio, una actuaci\u00f3n que permitir\u00e1 iniciar pr\u00f3ximamente el procedimiento de licitaci\u00f3n, ofreciendo una soluci\u00f3n definitiva a una situaci\u00f3n que ven\u00eda generando preocupaci\u00f3n.<\/p>\n<p>El alcalde se\u00f1al\u00f3 que \u201cla seguridad de los ni\u00f1os y ni\u00f1as es una prioridad absoluta para este Ayuntamiento. Desde el primer momento en que se tuvo conocimiento del estado del inmueble se actu\u00f3 con responsabilidad, adoptando medidas inmediatas para minimizar riesgos, y hoy damos un paso decisivo para eliminar cualquier peligro de forma definitiva\u201d.<\/p>\n<p>El Ayuntamiento ya procedi\u00f3 en su momento a la instalaci\u00f3n de redes de seguridad provisionales, con el fin de minimizar los peligros inmediatos derivados del estado del inmueble. Una vez adoptadas estas medidas urgentes, ha llegado el momento de dar un impulso definitivo e iniciar los tr\u00e1mites necesarios para ejecutar la demolici\u00f3n en el menor plazo posible, siempre conforme a la normativa vigente.<\/p>\n<p>Asimismo, una vez ejecutada la demolici\u00f3n, el Consistorio pondr\u00e1 a disposici\u00f3n de la Consejer\u00eda de Educaci\u00f3n una parcela de 264 metros cuadrados, cumpliendo con los par\u00e1metros urban\u00edsticos, con el objetivo de que pueda destinarse, si as\u00ed se considera, a la ampliaci\u00f3n del CEIP Puerto del Rosario, contribuyendo a la mejora de las infraestructuras educativas del municipio.<\/p>\n<p>\u201cNuestro compromiso es claro: actuar con previsi\u00f3n, responsabilidad y firmeza para garantizar entornos escolares seguros y adecuados para el alumnado y el personal docente\u201d, concluy\u00f3 el alcalde.<\/p>\n<\/div>\n","protected":false},"excerpt":{"rendered":"<p>El Ayuntamiento de Puerto del Rosario ha realizado una visita al CEIP Puerto del Rosario para comprobar in situ el estado de una edificaci\u00f3n anexa al centro educativo que presenta [&hellip;]<\/p>\n","protected":false},"author":1,"featured_media":17039,"comment_status":"open","ping_status":"open","sticky":false,"template":"","format":"standard","meta":{"inline_featured_image":false,"jnews-multi-image_gallery":[],"jnews_single_post":[],"jnews_primary_category":[],"jnews_social_meta":[],"jnews_override_counter":[],"jnews_post_split":[],"footnotes":""},"categories":[61],"tags":[73,67],"class_list":["post-17037","post","type-post","status-publish","format-standard","has-post-thumbnail","hentry","category-puerto-del-rosario","tag-educacion","tag-tramites"],"jetpack_featured_media_url":"https:\/\/informacionlocal.es\/wp-content\/uploads\/2026\/01\/demolicion-titu-ceip-pto-alcalde-y-otros-300125.jpg","_links":{"self":[{"href":"https:\/\/informacionlocal.es\/it\/wp-json\/wp\/v2\/posts\/17037","targetHints":{"allow":["GET"]}}],"collection":[{"href":"https:\/\/informacionlocal.es\/it\/wp-json\/wp\/v2\/posts"}],"about":[{"href":"https:\/\/informacionlocal.es\/it\/wp-json\/wp\/v2\/types\/post"}],"author":[{"embeddable":true,"href":"https:\/\/informacionlocal.es\/it\/wp-json\/wp\/v2\/users\/1"}],"replies":[{"embeddable":true,"href":"https:\/\/informacionlocal.es\/it\/wp-json\/wp\/v2\/comments?post=17037"}],"version-history":[{"count":0,"href":"https:\/\/informacionlocal.es\/it\/wp-json\/wp\/v2\/posts\/17037\/revisions"}],"wp:featuredmedia":[{"embeddable":true,"href":"https:\/\/informacionlocal.es\/it\/wp-json\/wp\/v2\/media\/17039"}],"wp:attachment":[{"href":"https:\/\/informacionlocal.es\/it\/wp-json\/wp\/v2\/media?parent=17037"}],"wp:term":[{"taxonomy":"category","embeddable":true,"href":"https:\/\/informacionlocal.es\/it\/wp-json\/wp\/v2\/categories?post=17037"},{"taxonomy":"post_tag","embeddable":true,"href":"https:\/\/informacionlocal.es\/it\/wp-json\/wp\/v2\/tags?post=17037"}],"curies":[{"name":"wp","href":"https:\/\/api.w.org\/{rel}","templated":true}]}}