{"id":17013,"date":"2026-01-30T21:00:11","date_gmt":"2026-01-30T21:00:11","guid":{"rendered":"https:\/\/informacionlocal.es\/el-pleno-del-cabildo-defiende-al-sector-primario-majorero-ante-la-competencia-de-los-paises-del-mercosur\/"},"modified":"2026-01-30T21:00:11","modified_gmt":"2026-01-30T21:00:11","slug":"el-pleno-del-cabildo-defiende-al-sector-primario-majorero-ante-la-competencia-de-los-paises-del-mercosur","status":"publish","type":"post","link":"https:\/\/informacionlocal.es\/it\/el-pleno-del-cabildo-defiende-al-sector-primario-majorero-ante-la-competencia-de-los-paises-del-mercosur\/","title":{"rendered":"\ufeffEl Pleno del Cabildo defiende al sector primario majorero ante la competencia de los pa\u00edses del MERCOSUR"},"content":{"rendered":"<div class=\"entry-content\"><strong>30 enero, 2026<\/strong><\/p>\n<p><em><strong>El acuerdo entre la Uni\u00f3n Europea y el MERCOSUR, aprobado el pasado 6 de enero, afecta gravemente a la competitividad y supervivencia del sector en la Isla<\/strong><\/em><\/p>\n<p>El Pleno del Cabildo de Fuerteventura ha aprobado una declaraci\u00f3n institucional en defensa del sector primario majorero ante el acuerdo comercial entre la Uni\u00f3n Europea y MERCOSUR, que afecta a su competitividad.<\/p>\n<p>El acuerdo UE-MERCOSUR contempla la eliminaci\u00f3n progresiva de un elevado n\u00famero de barreras arancelarias y no arancelarias entre ambas regiones. Las organizaciones profesionales agrarias y los productores de Canarias han manifestado, de forma reiterada, su rechazo a las condiciones actuales del acuerdo, ya que sus efectos pueden resultar especialmente perjudiciales para las explotaciones insulares, comprometiendo el empleo rural y el mantenimiento de esta actividad.<\/p>\n<p>Seg\u00fan ha explicado la presidenta, Lola Garc\u00eda, \u201clos cabildos insulares no podemos permanecer ajenos a esta situaci\u00f3n y alzamos la voz en defensa de los intereses del campo majorero y canario ante las instituciones competentes\u201d.<\/p>\n<p>Las producciones ganaderas y agr\u00edcolas de los pa\u00edses que integran el MERCOSUR (Argentina, Brasil, Paraguay y Uruguay) suponen una competencia directa para las producciones europeas y Canarias. En el caso de Fuerteventura, expone la presidenta, \u201cla situaci\u00f3n es especialmente preocupante por la fragilidad del sector primario insular, as\u00ed como las limitaciones derivadas de la insularidad y la condici\u00f3n de regi\u00f3n ultraperif\u00e9rica\u201d.\u00a0<\/p>\n<p>A esto se le suma una normativa cada vez m\u00e1s exigente y el incremento de los costes de producci\u00f3n, que afecta a la viabilidad econ\u00f3mica del sector, ante una situaci\u00f3n que genera competencia desleal y pone en grave riesgo la continuidad del sector primario, seg\u00fan expone la declaraci\u00f3n institucional.<\/p>\n<p>Por este motivo, a trav\u00e9s de esta declaraci\u00f3n institucional, se insta a las instituciones competentes a establecer medidas compensatorias para las explotaciones agrarias y ganaderas de Canarias y, en particular, de Fuerteventura, derivada de la aplicaci\u00f3n de este y otros acuerdos preferenciales.\u00a0\u00a0 Se pide al Gobierno de Espa\u00f1a, adem\u00e1s, que solicite a las instituciones europeas una evaluaci\u00f3n espec\u00edfica del impacto del Acuerdo UE\u2013MERCOSUR en las Regiones Ultraperif\u00e9ricas, entre ellas Canarias, teniendo en cuenta sus singularidades estructurales y productivas.<\/p>\n<\/div>\n","protected":false},"excerpt":{"rendered":"<p>30 enero, 2026 El acuerdo entre la Uni\u00f3n Europea y el MERCOSUR, aprobado el pasado 6 de enero, afecta gravemente a la competitividad y supervivencia del sector en la Isla [&hellip;]<\/p>\n","protected":false},"author":1,"featured_media":17015,"comment_status":"open","ping_status":"open","sticky":false,"template":"","format":"standard","meta":{"inline_featured_image":false,"jnews-multi-image_gallery":[],"jnews_single_post":[],"jnews_primary_category":[],"jnews_social_meta":[],"jnews_override_counter":[],"jnews_post_split":[],"footnotes":""},"categories":[58],"tags":[82],"class_list":["post-17013","post","type-post","status-publish","format-standard","has-post-thumbnail","hentry","category-cabildo","tag-fuerteventura"],"jetpack_featured_media_url":"https:\/\/informacionlocal.es\/wp-content\/uploads\/2026\/01\/eferf.jpeg","_links":{"self":[{"href":"https:\/\/informacionlocal.es\/it\/wp-json\/wp\/v2\/posts\/17013","targetHints":{"allow":["GET"]}}],"collection":[{"href":"https:\/\/informacionlocal.es\/it\/wp-json\/wp\/v2\/posts"}],"about":[{"href":"https:\/\/informacionlocal.es\/it\/wp-json\/wp\/v2\/types\/post"}],"author":[{"embeddable":true,"href":"https:\/\/informacionlocal.es\/it\/wp-json\/wp\/v2\/users\/1"}],"replies":[{"embeddable":true,"href":"https:\/\/informacionlocal.es\/it\/wp-json\/wp\/v2\/comments?post=17013"}],"version-history":[{"count":0,"href":"https:\/\/informacionlocal.es\/it\/wp-json\/wp\/v2\/posts\/17013\/revisions"}],"wp:featuredmedia":[{"embeddable":true,"href":"https:\/\/informacionlocal.es\/it\/wp-json\/wp\/v2\/media\/17015"}],"wp:attachment":[{"href":"https:\/\/informacionlocal.es\/it\/wp-json\/wp\/v2\/media?parent=17013"}],"wp:term":[{"taxonomy":"category","embeddable":true,"href":"https:\/\/informacionlocal.es\/it\/wp-json\/wp\/v2\/categories?post=17013"},{"taxonomy":"post_tag","embeddable":true,"href":"https:\/\/informacionlocal.es\/it\/wp-json\/wp\/v2\/tags?post=17013"}],"curies":[{"name":"wp","href":"https:\/\/api.w.org\/{rel}","templated":true}]}}