{"id":17001,"date":"2026-01-30T19:00:11","date_gmt":"2026-01-30T19:00:11","guid":{"rendered":"https:\/\/informacionlocal.es\/el-cabildo-de-fuerteventura-inicia-el-plan-insular-y-plan-tecnico-de-caza\/"},"modified":"2026-01-30T19:00:11","modified_gmt":"2026-01-30T19:00:11","slug":"el-cabildo-de-fuerteventura-inicia-el-plan-insular-y-plan-tecnico-de-caza","status":"publish","type":"post","link":"https:\/\/informacionlocal.es\/it\/el-cabildo-de-fuerteventura-inicia-el-plan-insular-y-plan-tecnico-de-caza\/","title":{"rendered":"El Cabildo de Fuerteventura inicia el Plan Insular y Plan T\u00e9cnico de Caza"},"content":{"rendered":"<div class=\"entry-content\"><strong>30 enero, 2026<\/strong><\/p>\n<p><em><strong>El Pleno de la Corporaci\u00f3n insular ha acordado hoy iniciar el procedimiento para su elaboraci\u00f3n<\/strong><\/em><\/p>\n<p><em><strong>Fuerteventura contar\u00e1, por primera vez, con planes para la ordenaci\u00f3n y gesti\u00f3n de la actividad, velando por la preservaci\u00f3n de este recurso y las especies cineg\u00e9ticas<\/strong><\/em><\/p>\n<p>El Pleno del Cabildo de Fuerteventura ha acordado, por unanimidad iniciar el procedimiento para la elaboraci\u00f3n del Plan Insular y Plan T\u00e9cnico de Caza. La isla majorera contar\u00e1 as\u00ed, por primera vez, con documentos dirigidos a ordenar y gestionar la actividad, velando por la preservaci\u00f3n de este recurso y de las especies cineg\u00e9ticas en el territorio.<\/p>\n<p>La presidenta del Cabildo de Fuerteventura, Lola Garc\u00eda, ha puesto en valor el esfuerzo realizado desde la Consejer\u00eda de Caza con acciones para garantizar la actividad cineg\u00e9tica y las especies a nivel insular.<\/p>\n<p>Seg\u00fan ha explicado el consejero del \u00e1rea, Carlos Rodr\u00edguez, \u201ces un d\u00eda hist\u00f3rico para el Cabildo y colectivo de cazadores. Con la aprobaci\u00f3n de la iniciaci\u00f3n de los planes, se fija la necesidad de tener un documento para la ordenaci\u00f3n y gesti\u00f3n cineg\u00e9tica en la Isla, evitando posibles impactos y garantizando el cuidado de los recursos naturales\u201d. \u201cLa prioridad es, en todo momento, la preservaci\u00f3n y conservaci\u00f3n de los h\u00e1bitats naturales, as\u00ed como el mantenimiento del potencial biol\u00f3gico de las especies en el medio natural\u201d.<\/p>\n<p>El Plan Insular de Caza actuar\u00e1 como instrumento de gesti\u00f3n del aprovechamiento cineg\u00e9tico en toda la Isla, bas\u00e1ndose en la estructura y clasificaci\u00f3n de los terrenos majoreros. Sus objetivos son el aprovechamiento de este recurso, mantener las poblaciones cineg\u00e9ticas en condiciones de sostenibilidad e impulsar medidas vinculadas a la formaci\u00f3n de este colectivo.<\/p>\n<p>Por su parte, el Plan T\u00e9cnico de Caza servir\u00e1 como herramienta para el aprovechamiento sostenible de las especies cineg\u00e9ticas de acuerdo con el tama\u00f1o de las poblaciones objeto de la caza. Este documento se encargar\u00e1 de inventariar los recursos cineg\u00e9ticos, compatibilizarlos con otros usos y actividades, as\u00ed como modernizar la pr\u00e1ctica cineg\u00e9tica.<\/p>\n<p>El acuerdo aprobado hoy en Pleno ser\u00e1 publicado en el Bolet\u00edn Oficial de Canarias y en la web\u00a0cabildofuer.es. Tras el acuerdo adoptado hoy en Pleno, se realizar\u00e1 una consulta p\u00fablica previa a la redacci\u00f3n de los planes, de 45 d\u00eda naturales, con el fin de recabar las aportaciones de la ciudadan\u00eda y las organizaciones m\u00e1s representativas. Asimismo, se crea una comisi\u00f3n de seguimiento del Plan Insular y del Plan T\u00e9cnico de Caza.<\/p>\n<p>Desde la Consejer\u00eda de Caza se trabaja, adem\u00e1s, en el desarrollo de un modelo de caza controlada, que permitir\u00e1 regular las zonas de pr\u00e1ctica y el acceso de cazadores a la Isla, favoreciendo un mayor control y equilibrio de la actividad.<\/p>\n<\/div>\n","protected":false},"excerpt":{"rendered":"<p>30 enero, 2026 El Pleno de la Corporaci\u00f3n insular ha acordado hoy iniciar el procedimiento para su elaboraci\u00f3n Fuerteventura contar\u00e1, por primera vez, con planes para la ordenaci\u00f3n y gesti\u00f3n [&hellip;]<\/p>\n","protected":false},"author":1,"featured_media":17003,"comment_status":"open","ping_status":"open","sticky":false,"template":"","format":"standard","meta":{"inline_featured_image":false,"jnews-multi-image_gallery":[],"jnews_single_post":[],"jnews_primary_category":[],"jnews_social_meta":[],"jnews_override_counter":[],"jnews_post_split":[],"footnotes":""},"categories":[58],"tags":[82],"class_list":["post-17001","post","type-post","status-publish","format-standard","has-post-thumbnail","hentry","category-cabildo","tag-fuerteventura"],"jetpack_featured_media_url":"https:\/\/informacionlocal.es\/wp-content\/uploads\/2026\/01\/rere.jpeg","_links":{"self":[{"href":"https:\/\/informacionlocal.es\/it\/wp-json\/wp\/v2\/posts\/17001","targetHints":{"allow":["GET"]}}],"collection":[{"href":"https:\/\/informacionlocal.es\/it\/wp-json\/wp\/v2\/posts"}],"about":[{"href":"https:\/\/informacionlocal.es\/it\/wp-json\/wp\/v2\/types\/post"}],"author":[{"embeddable":true,"href":"https:\/\/informacionlocal.es\/it\/wp-json\/wp\/v2\/users\/1"}],"replies":[{"embeddable":true,"href":"https:\/\/informacionlocal.es\/it\/wp-json\/wp\/v2\/comments?post=17001"}],"version-history":[{"count":0,"href":"https:\/\/informacionlocal.es\/it\/wp-json\/wp\/v2\/posts\/17001\/revisions"}],"wp:featuredmedia":[{"embeddable":true,"href":"https:\/\/informacionlocal.es\/it\/wp-json\/wp\/v2\/media\/17003"}],"wp:attachment":[{"href":"https:\/\/informacionlocal.es\/it\/wp-json\/wp\/v2\/media?parent=17001"}],"wp:term":[{"taxonomy":"category","embeddable":true,"href":"https:\/\/informacionlocal.es\/it\/wp-json\/wp\/v2\/categories?post=17001"},{"taxonomy":"post_tag","embeddable":true,"href":"https:\/\/informacionlocal.es\/it\/wp-json\/wp\/v2\/tags?post=17001"}],"curies":[{"name":"wp","href":"https:\/\/api.w.org\/{rel}","templated":true}]}}