{"id":16989,"date":"2026-01-30T17:00:11","date_gmt":"2026-01-30T17:00:11","guid":{"rendered":"https:\/\/informacionlocal.es\/el-pleno-del-cabildo-aprueba-el-plan-estrategico-de-ayudas-para-el-fomento-de-la-artesania\/"},"modified":"2026-01-30T17:00:11","modified_gmt":"2026-01-30T17:00:11","slug":"el-pleno-del-cabildo-aprueba-el-plan-estrategico-de-ayudas-para-el-fomento-de-la-artesania","status":"publish","type":"post","link":"https:\/\/informacionlocal.es\/it\/el-pleno-del-cabildo-aprueba-el-plan-estrategico-de-ayudas-para-el-fomento-de-la-artesania\/","title":{"rendered":"\ufeffEl Pleno del Cabildo aprueba el Plan Estrat\u00e9gico de Ayudas para el Fomento de la Artesan\u00eda"},"content":{"rendered":"<div class=\"entry-content\"><strong>30 enero, 2026<\/strong><\/p>\n<p><strong>El Pleno del Cabildo aprueba el Plan Estrat\u00e9gico de Ayudas para el Fomento de la Artesan\u00eda<\/strong><\/p>\n<p>El Pleno del Cabildo de Fuerteventura ha aprobado, por unanimidad, hoy el Plan Estrat\u00e9gico de Subvenciones para el Fomento y Difusi\u00f3n de la Artesan\u00eda de Fuerteventura 2026-2028, que prev\u00e9 una financiaci\u00f3n de 810.000 euros entre las tres anualidades.<\/p>\n<p>Seg\u00fan ha apuntado la presidenta del Cabildo, Lola Garc\u00eda, la artesan\u00eda constituye un sector estrat\u00e9gico de alto valor cultural, social y econ\u00f3mico, \u201csiendo importante articular un plan de ayudas que contribuyan a la preservaci\u00f3n de los oficios tradicionales, la transmisi\u00f3n de conocimientos entre las generaciones y la creaci\u00f3n de empleo vinculado a esta actividad\u201d.<\/p>\n<p>La consejera de Artesan\u00eda, Lolina Negr\u00edn, explica que \u201cel plan estrat\u00e9gico se articula en tres l\u00edneas de subvenciones, con el objetivo de fomentar la competitividad de nuestros artesanos y artesanas, apoyar la modernizaci\u00f3n, profesionalizaci\u00f3n e innovaci\u00f3n del sector, as\u00ed como favorecer la comercializaci\u00f3n de los productos artesanos\u201d.\u00a0 Asimismo, \u201cse contribuye a salvaguardar una parte importante del patrimonio cultural inmaterial de nuestra isla\u201d.<\/p>\n<p>De esta manera, para la anualidad 2026 se dirigen 40.000 euros a los ayuntamientos, as\u00ed como 100.000 euros para la celebraci\u00f3n de la Feria Insular de Artesan\u00eda que impulsa el Ayuntamiento de Antigua. Asimismo, en el ejercicio 2026 se destinan 60.000 euros a la Asociaci\u00f3n\u00a0Creativos en Fuerteventura, adem\u00e1s de una l\u00ednea de concurrencia competitiva dirigida a asociaciones, artesanos y artesanas.<\/p>\n<\/div>\n","protected":false},"excerpt":{"rendered":"<p>30 enero, 2026 El Pleno del Cabildo aprueba el Plan Estrat\u00e9gico de Ayudas para el Fomento de la Artesan\u00eda El Pleno del Cabildo de Fuerteventura ha aprobado, por unanimidad, hoy [&hellip;]<\/p>\n","protected":false},"author":1,"featured_media":16991,"comment_status":"open","ping_status":"open","sticky":false,"template":"","format":"standard","meta":{"inline_featured_image":false,"jnews-multi-image_gallery":[],"jnews_single_post":[],"jnews_primary_category":[],"jnews_social_meta":[],"jnews_override_counter":[],"jnews_post_split":[],"footnotes":""},"categories":[58],"tags":[82],"class_list":["post-16989","post","type-post","status-publish","format-standard","has-post-thumbnail","hentry","category-cabildo","tag-fuerteventura"],"jetpack_featured_media_url":"https:\/\/informacionlocal.es\/wp-content\/uploads\/2026\/01\/ththt.jpeg","_links":{"self":[{"href":"https:\/\/informacionlocal.es\/it\/wp-json\/wp\/v2\/posts\/16989","targetHints":{"allow":["GET"]}}],"collection":[{"href":"https:\/\/informacionlocal.es\/it\/wp-json\/wp\/v2\/posts"}],"about":[{"href":"https:\/\/informacionlocal.es\/it\/wp-json\/wp\/v2\/types\/post"}],"author":[{"embeddable":true,"href":"https:\/\/informacionlocal.es\/it\/wp-json\/wp\/v2\/users\/1"}],"replies":[{"embeddable":true,"href":"https:\/\/informacionlocal.es\/it\/wp-json\/wp\/v2\/comments?post=16989"}],"version-history":[{"count":0,"href":"https:\/\/informacionlocal.es\/it\/wp-json\/wp\/v2\/posts\/16989\/revisions"}],"wp:featuredmedia":[{"embeddable":true,"href":"https:\/\/informacionlocal.es\/it\/wp-json\/wp\/v2\/media\/16991"}],"wp:attachment":[{"href":"https:\/\/informacionlocal.es\/it\/wp-json\/wp\/v2\/media?parent=16989"}],"wp:term":[{"taxonomy":"category","embeddable":true,"href":"https:\/\/informacionlocal.es\/it\/wp-json\/wp\/v2\/categories?post=16989"},{"taxonomy":"post_tag","embeddable":true,"href":"https:\/\/informacionlocal.es\/it\/wp-json\/wp\/v2\/tags?post=16989"}],"curies":[{"name":"wp","href":"https:\/\/api.w.org\/{rel}","templated":true}]}}