{"id":16983,"date":"2026-01-30T16:00:11","date_gmt":"2026-01-30T16:00:11","guid":{"rendered":"https:\/\/informacionlocal.es\/febrero-comienza-con-el-mercado-agricola-de-antigua-este-domingo\/"},"modified":"2026-01-30T16:00:11","modified_gmt":"2026-01-30T16:00:11","slug":"febrero-comienza-con-el-mercado-agricola-de-antigua-este-domingo","status":"publish","type":"post","link":"https:\/\/informacionlocal.es\/it\/febrero-comienza-con-el-mercado-agricola-de-antigua-este-domingo\/","title":{"rendered":"Febrero comienza con el Mercado Agr\u00edcola de Antigua este domingo"},"content":{"rendered":"<div class=\"elementor-widget-container\">\n<p><strong>Febrero comienza con el Mercado Agr\u00edcola de Antigua este domingo<\/strong><\/p>\n<p><strong>\u2022 La Plaza de Antigua se convierte en el Mercado del producto local y artesano, este domingo 1 de febrero, de 09:00 a 14:00 horas.<\/strong><br \/><strong>\u2022 El Ayuntamiento facilita gratuitamente stands y log\u00edstica a los productores para fomentar el sector primario del municipio.<\/strong><\/p>\n<p>El Ayuntamiento de Antigua desde la concejal\u00eda de Agricultura, Ganader\u00eda y Pesca organiza el Mercado Agr\u00edcola que da comienzo al mes de febrero, este domingo 1 de 09:00 a 14:00 horas en la Plaza de Antigua.<\/p>\n<p>Como cada mes, se\u00f1ala el concejal de Agricultura, Ganader\u00eda y Pesca, Fernando Estupi\u00f1\u00e1n Hern\u00e1ndez, los vecinos y vecinas podr\u00e1n adquirir productos frescos, cercanos y de calidad, ya sean verduras, frutas y hortalizas o quesos, salsas y mojos tradicionales, as\u00ed como caf\u00e9s internacionales, cervezas de elaboraci\u00f3n local, dulces caseros, turrones de toda la vida, pan o pescado seco, permitiendo degustar especialidades como rejos de pulpo sazonados, viejas y diversos moluscos.<\/p>\n<p>El concejal subraya que el Mercado Agr\u00edcola es un espacio de encuentro y cercan\u00eda con nuestros productos, que organizamos cada mes en el objetivo de mejorar en cada edici\u00f3n, respaldando a los productores locales y acercando a los vecinos y vecinas los productos elaborados o cosechados m\u00e1s cerca de sus casas.<\/p>\n<p>El alcalde, Mat\u00edas Pe\u00f1a Garc\u00eda, anima a asistir a este punto de encuentro vecinal con el sector primario en la plaza de Antigua, e invita a participar a m\u00e1s productores, agricultores y comerciantes del sector, recordando que el Ayuntamiento de Antigua dispone gratuitamente los stands, acondiciona el lugar y proporciona una promoci\u00f3n que impulsa sus ventas directas y sin intermediarios.<\/p>\n<p>\u00a0<\/p>\n<\/div>\n","protected":false},"excerpt":{"rendered":"<p><strong>Febrero comienza con el Mercado Agr\u00edcola de Antigua este domingo<\/strong><\/p>\n","protected":false},"author":1,"featured_media":16985,"comment_status":"open","ping_status":"open","sticky":false,"template":"","format":"standard","meta":{"inline_featured_image":false,"jnews-multi-image_gallery":[],"jnews_single_post":[],"jnews_primary_category":[],"jnews_social_meta":[],"jnews_override_counter":[],"jnews_post_split":[],"footnotes":""},"categories":[59],"tags":[],"class_list":["post-16983","post","type-post","status-publish","format-standard","has-post-thumbnail","hentry","category-antigua"],"jetpack_featured_media_url":"https:\/\/informacionlocal.es\/wp-content\/uploads\/2026\/01\/febrero-comienza-con-el-mercado-agricola-de-antigua-este-domingo.jpg","_links":{"self":[{"href":"https:\/\/informacionlocal.es\/it\/wp-json\/wp\/v2\/posts\/16983","targetHints":{"allow":["GET"]}}],"collection":[{"href":"https:\/\/informacionlocal.es\/it\/wp-json\/wp\/v2\/posts"}],"about":[{"href":"https:\/\/informacionlocal.es\/it\/wp-json\/wp\/v2\/types\/post"}],"author":[{"embeddable":true,"href":"https:\/\/informacionlocal.es\/it\/wp-json\/wp\/v2\/users\/1"}],"replies":[{"embeddable":true,"href":"https:\/\/informacionlocal.es\/it\/wp-json\/wp\/v2\/comments?post=16983"}],"version-history":[{"count":0,"href":"https:\/\/informacionlocal.es\/it\/wp-json\/wp\/v2\/posts\/16983\/revisions"}],"wp:featuredmedia":[{"embeddable":true,"href":"https:\/\/informacionlocal.es\/it\/wp-json\/wp\/v2\/media\/16985"}],"wp:attachment":[{"href":"https:\/\/informacionlocal.es\/it\/wp-json\/wp\/v2\/media?parent=16983"}],"wp:term":[{"taxonomy":"category","embeddable":true,"href":"https:\/\/informacionlocal.es\/it\/wp-json\/wp\/v2\/categories?post=16983"},{"taxonomy":"post_tag","embeddable":true,"href":"https:\/\/informacionlocal.es\/it\/wp-json\/wp\/v2\/tags?post=16983"}],"curies":[{"name":"wp","href":"https:\/\/api.w.org\/{rel}","templated":true}]}}