{"id":16977,"date":"2026-01-30T15:00:11","date_gmt":"2026-01-30T15:00:11","guid":{"rendered":"https:\/\/informacionlocal.es\/aprobado-el-plan-estrategico-de-subvenciones-para-la-reactivacion-comercial-2026-2028-del-cabildo-de-fuerteventura\/"},"modified":"2026-01-30T15:00:11","modified_gmt":"2026-01-30T15:00:11","slug":"aprobado-el-plan-estrategico-de-subvenciones-para-la-reactivacion-comercial-2026-2028-del-cabildo-de-fuerteventura","status":"publish","type":"post","link":"https:\/\/informacionlocal.es\/it\/aprobado-el-plan-estrategico-de-subvenciones-para-la-reactivacion-comercial-2026-2028-del-cabildo-de-fuerteventura\/","title":{"rendered":"\ufeffAprobado el Plan Estrat\u00e9gico de Subvenciones para la Reactivaci\u00f3n Comercial 2026-2028 del Cabildo de Fuerteventura"},"content":{"rendered":"<div class=\"entry-content\"><strong>30 enero, 2026<\/strong><\/p>\n<p><em><strong>El plan estrat\u00e9gico prev\u00e9 una financiaci\u00f3n de m\u00e1s de 3 millones de euros para las anualidades 2026-2028<\/strong><\/em><strong>V<\/strong><\/p>\n<p>El Pleno del Cabildo de Fuerteventura ha aprobado, por unanimidad, el Plan Estrat\u00e9gico de Subvenciones para la Reactivaci\u00f3n del Sector Comercial 2026-2028, con ayudas para apoyar el comercio local y la dinamizaci\u00f3n de las zonas comerciales abiertas de todo el territorio insular.<\/p>\n<p>Con la aprobaci\u00f3n de este plan estrat\u00e9gico, se da continuidad a las acciones que lleva a cabo la Corporaci\u00f3n insular para la recuperaci\u00f3n y transformaci\u00f3n del comercio local, \u201cque es la base de nuestra econom\u00eda y el sustento de muchas familias en Fuerteventura\u201d, seg\u00fan ha indicado la presidenta del Cabildo, Lola Garc\u00eda.\u00a0<\/p>\n<p>La consejera de Comercio, Lolina Negr\u00edn, resalt\u00f3 la importancia \u201cde apoyar los peque\u00f1os negocios, comercios de proximidad y zonas comerciales abiertas, ya que contribuyen de manera decisiva al mantenimiento de la actividad econ\u00f3mica en todos los municipios\u201d.\u00a0 Con este plan, a\u00f1adi\u00f3, \u201clas ayudas se adaptan a la evoluci\u00f3n del entorno econ\u00f3mico, los desaf\u00edos que plantea el comercio digital y la necesidad de un posicionamiento diferenciado de las zonas comerciales abiertas\u201d.<\/p>\n<p>El Plan Estrat\u00e9gico de Subvenciones para la Reactivaci\u00f3n del Sector Comercial contempla una inversi\u00f3n inicial prevista de m\u00e1s de 3 millones interanuales para el periodo 2026\u20132028, entre las diferentes l\u00edneas de ayuda que articula para apoyar el sector comercial majorero.<\/p>\n<p>De esta manera, en 2026 se conceder\u00e1n 400.000 euros para la campa\u00f1a \u2018Yo Compro en Fuerteventura\u2019, que se realiza conjuntamente con la Federaci\u00f3n de \u00c1reas Urbanas de Canarias (FAUCA), as\u00ed como 125.000 euros las asociaciones de comerciantes y 90.000 euros a los ayuntamientos para el desarrollo de acciones de dinamizaci\u00f3n comercial. Asimismo, se conceder\u00e1n 50.000 euros entre las asociaciones para la digitalizaci\u00f3n del comercio.<\/p>\n<p>Adem\u00e1s, el Plan Estrat\u00e9gico incluye subvenciones de concurrencia competitiva para proyectos de dinamizaci\u00f3n de zonas comerciales abiertas con una inversi\u00f3n de 200.000 euros en 2026.<\/p>\n<\/div>\n","protected":false},"excerpt":{"rendered":"<p>30 enero, 2026 El plan estrat\u00e9gico prev\u00e9 una financiaci\u00f3n de m\u00e1s de 3 millones de euros para las anualidades 2026-2028V El Pleno del Cabildo de Fuerteventura ha aprobado, por unanimidad, [&hellip;]<\/p>\n","protected":false},"author":1,"featured_media":16979,"comment_status":"open","ping_status":"open","sticky":false,"template":"","format":"standard","meta":{"inline_featured_image":false,"jnews-multi-image_gallery":[],"jnews_single_post":[],"jnews_primary_category":[],"jnews_social_meta":[],"jnews_override_counter":[],"jnews_post_split":[],"footnotes":""},"categories":[58],"tags":[82,65],"class_list":["post-16977","post","type-post","status-publish","format-standard","has-post-thumbnail","hentry","category-cabildo","tag-fuerteventura","tag-municipios"],"jetpack_featured_media_url":"https:\/\/informacionlocal.es\/wp-content\/uploads\/2026\/01\/tht.jpeg","_links":{"self":[{"href":"https:\/\/informacionlocal.es\/it\/wp-json\/wp\/v2\/posts\/16977","targetHints":{"allow":["GET"]}}],"collection":[{"href":"https:\/\/informacionlocal.es\/it\/wp-json\/wp\/v2\/posts"}],"about":[{"href":"https:\/\/informacionlocal.es\/it\/wp-json\/wp\/v2\/types\/post"}],"author":[{"embeddable":true,"href":"https:\/\/informacionlocal.es\/it\/wp-json\/wp\/v2\/users\/1"}],"replies":[{"embeddable":true,"href":"https:\/\/informacionlocal.es\/it\/wp-json\/wp\/v2\/comments?post=16977"}],"version-history":[{"count":0,"href":"https:\/\/informacionlocal.es\/it\/wp-json\/wp\/v2\/posts\/16977\/revisions"}],"wp:featuredmedia":[{"embeddable":true,"href":"https:\/\/informacionlocal.es\/it\/wp-json\/wp\/v2\/media\/16979"}],"wp:attachment":[{"href":"https:\/\/informacionlocal.es\/it\/wp-json\/wp\/v2\/media?parent=16977"}],"wp:term":[{"taxonomy":"category","embeddable":true,"href":"https:\/\/informacionlocal.es\/it\/wp-json\/wp\/v2\/categories?post=16977"},{"taxonomy":"post_tag","embeddable":true,"href":"https:\/\/informacionlocal.es\/it\/wp-json\/wp\/v2\/tags?post=16977"}],"curies":[{"name":"wp","href":"https:\/\/api.w.org\/{rel}","templated":true}]}}