{"id":16965,"date":"2026-01-30T13:00:10","date_gmt":"2026-01-30T13:00:10","guid":{"rendered":"https:\/\/informacionlocal.es\/las-cuadrillas-del-cabildo-preparan-y-protegen-las-maderas-para-instalar-a-continuacion-las-pergolas-de-tesejerague-y-tiscamanita\/"},"modified":"2026-01-30T13:00:10","modified_gmt":"2026-01-30T13:00:10","slug":"las-cuadrillas-del-cabildo-preparan-y-protegen-las-maderas-para-instalar-a-continuacion-las-pergolas-de-tesejerague-y-tiscamanita","status":"publish","type":"post","link":"https:\/\/informacionlocal.es\/it\/las-cuadrillas-del-cabildo-preparan-y-protegen-las-maderas-para-instalar-a-continuacion-las-pergolas-de-tesejerague-y-tiscamanita\/","title":{"rendered":"Las cuadrillas del Cabildo preparan y protegen las maderas para instalar a continuaci\u00f3n las p\u00e9rgolas de Tesejerague y Tiscamanita"},"content":{"rendered":"<div class=\"entry-content\"><strong>30 enero, 2026<\/strong><\/p>\n<p><strong>El Cabildo de Fuerteventura atiende la petici\u00f3n del Ayuntamiento de Tuineje para crear zonas de sombra en espacios de uso p\u00fablico<\/strong><\/p>\n<p>Los vecinos y vecinas de Tesejerague y Tiscamanita dispondr\u00e1n en breve de dos p\u00e9rgolas de madera que dar\u00e1n sombra en espacios de uso y disfrute p\u00fablico, gracias a la actuaci\u00f3n del Cabildo de Fuerteventura, a trav\u00e9s del Servicio de Obras y Maquinaria,<\/p>\n<p>Los trabajos se incluyen dentro del programa \u2018Fuerteventura, bonita por naturaleza\u2019, que incluye actuaciones para la conservaci\u00f3n de espacios naturales y urbanos de todos los municipios, seg\u00fan ha apuntado la presidenta insular, Lola Garc\u00eda. \u201cAcciones que son importantes para mantener cada rinc\u00f3n de Fuerteventura\u201d. En este caso, se ha atendido la petici\u00f3n del Ayuntamiento de Tuineje en este sentido y ya se est\u00e1 trabajando en tratar y proteger las maderas de estas estructuras.<\/p>\n<p>El consejero de Obras y Maquinaria, Blas Acosta, resalta el beneficio colectivo de estas dos actuaciones hermanas y las enlaza con \u201cel esp\u00edritu del programa \u2018Fuerteventura, bonita por naturaleza\u2019, que se basa en contribuir a la mejora de la calidad de vida de los ciudadanos y en cuidar los entornos naturales mediante peque\u00f1as acciones de cercan\u00eda como crear espacios de sombra\u201d.<\/p>\n<p>Como en otras muchas ocasiones, estas actuaciones surgen de la colaboraci\u00f3n entre administraciones. \u201cLa pol\u00edtica de colaboraci\u00f3n y coordinaci\u00f3n de los recursos p\u00fablicos entre administraciones da una base s\u00f3lida para mejorar los resultados de cualquier iniciativa, sea una gran infraestructura o unas, en apariencia, simples p\u00e9rgolas que, sin embargo, tienen la capacidad de mejorar el d\u00eda a d\u00eda de las personas\u201d, a\u00f1ade Blas Acosta.<\/p>\n<p>El material de las p\u00e9rgolas ya est\u00e1 en las dependencias de Gesplan, en su Base de Operaciones Sur, en El Cuchillete, donde los operarios de las cuadrillas se afanan en aplicar capas de protecci\u00f3n a las maderas para garantizar su durabilidad y su resistencia a la erosi\u00f3n de los elementos. En cuanto se complete el tratamiento de las maderas, las cuadrillas proceder\u00e1n a la instalaci\u00f3n de las dos p\u00e9rgolas.Una de las p\u00e9rgolas tiene un dise\u00f1o a dos aguas y est\u00e1 destinada a cubrir el escenario de la plaza de Tiscamanita. La segunda p\u00e9rgola, con un dise\u00f1o en \u201cL\u201d a un agua, se ubicar\u00e1 en Tesejerague, dando sombra y continuidad al espacio\u00a0<\/p>\n<\/div>\n","protected":false},"excerpt":{"rendered":"<p>30 enero, 2026 El Cabildo de Fuerteventura atiende la petici\u00f3n del Ayuntamiento de Tuineje para crear zonas de sombra en espacios de uso p\u00fablico Los vecinos y vecinas de Tesejerague [&hellip;]<\/p>\n","protected":false},"author":1,"featured_media":16967,"comment_status":"open","ping_status":"open","sticky":false,"template":"","format":"standard","meta":{"inline_featured_image":false,"jnews-multi-image_gallery":[],"jnews_single_post":[],"jnews_primary_category":[],"jnews_social_meta":[],"jnews_override_counter":[],"jnews_post_split":[],"footnotes":""},"categories":[58],"tags":[82,65],"class_list":["post-16965","post","type-post","status-publish","format-standard","has-post-thumbnail","hentry","category-cabildo","tag-fuerteventura","tag-municipios"],"jetpack_featured_media_url":"https:\/\/informacionlocal.es\/wp-content\/uploads\/2026\/01\/rfr.jpeg","_links":{"self":[{"href":"https:\/\/informacionlocal.es\/it\/wp-json\/wp\/v2\/posts\/16965","targetHints":{"allow":["GET"]}}],"collection":[{"href":"https:\/\/informacionlocal.es\/it\/wp-json\/wp\/v2\/posts"}],"about":[{"href":"https:\/\/informacionlocal.es\/it\/wp-json\/wp\/v2\/types\/post"}],"author":[{"embeddable":true,"href":"https:\/\/informacionlocal.es\/it\/wp-json\/wp\/v2\/users\/1"}],"replies":[{"embeddable":true,"href":"https:\/\/informacionlocal.es\/it\/wp-json\/wp\/v2\/comments?post=16965"}],"version-history":[{"count":0,"href":"https:\/\/informacionlocal.es\/it\/wp-json\/wp\/v2\/posts\/16965\/revisions"}],"wp:featuredmedia":[{"embeddable":true,"href":"https:\/\/informacionlocal.es\/it\/wp-json\/wp\/v2\/media\/16967"}],"wp:attachment":[{"href":"https:\/\/informacionlocal.es\/it\/wp-json\/wp\/v2\/media?parent=16965"}],"wp:term":[{"taxonomy":"category","embeddable":true,"href":"https:\/\/informacionlocal.es\/it\/wp-json\/wp\/v2\/categories?post=16965"},{"taxonomy":"post_tag","embeddable":true,"href":"https:\/\/informacionlocal.es\/it\/wp-json\/wp\/v2\/tags?post=16965"}],"curies":[{"name":"wp","href":"https:\/\/api.w.org\/{rel}","templated":true}]}}