{"id":16959,"date":"2026-01-29T21:00:09","date_gmt":"2026-01-29T21:00:09","guid":{"rendered":"https:\/\/informacionlocal.es\/las-cuadrillas-adecentan-espacios-y-jardines-de-la-granja-experimental-de-cara-a-feaga-2026\/"},"modified":"2026-01-29T21:00:09","modified_gmt":"2026-01-29T21:00:09","slug":"las-cuadrillas-adecentan-espacios-y-jardines-de-la-granja-experimental-de-cara-a-feaga-2026","status":"publish","type":"post","link":"https:\/\/informacionlocal.es\/it\/las-cuadrillas-adecentan-espacios-y-jardines-de-la-granja-experimental-de-cara-a-feaga-2026\/","title":{"rendered":"Las cuadrillas adecentan espacios y jardines de la Granja Experimental de cara a Feaga 2026"},"content":{"rendered":"<div class=\"entry-content\"><strong>29 enero, 2026<\/strong><\/p>\n<p><strong>Los trabajos incluyen poda de las palmeras e intervenci\u00f3n en las zonas verdes, adem\u00e1s de adecuar los espacios de aparcamiento, realizaci\u00f3n de pocetas, etc\u00e9tera <\/strong><\/p>\n<p>El Servicio de Obras y Maquinaria del Cabildo, a<br \/>\ntrav\u00e9s de su medio propio Gesti\u00f3n y Planeamiento Territorial y Medioambiental<br \/>\n(Gesplan), e incluido en el programa \u2018Fuerteventura, bonita por naturaleza\u2019, ha<br \/>\ncomenzado a trabajar en la adecuaci\u00f3n de los distintos espacios de la Granja<br \/>\nExperimental de Pozo Negro para la celebraci\u00f3n de la Feria de Agricultura,<br \/>\nGanader\u00eda y Pesca de Fuerteventura (Feaga).<\/p>\n<p>\u201cFeaga es un escaparate de primer nivel para el<br \/>\nsector Primario y para muchas econom\u00edas de Fuerteventura, motivo por el cual<br \/>\nimplicamos a las cuadrillas\u201d del programa \u2018Fuerteventura, bonita por<br \/>\nnaturaleza\u2019, explica el consejero de Obras y Maquinaria, Blas Acosta.<\/p>\n<p>Cabe recordar que cada a\u00f1o, Feaga re\u00fane profesionales<br \/>\ndel sector de todas las islas, con sus aperos y ejemplares de muestra y de<br \/>\nconcurso, y a las miles de personas que acuden a esta cita \u00fanica en Canarias,<br \/>\nadem\u00e1s de gran cantidad de turistas.<\/p>\n<p>Las cuadrillas de \u2018Fuerteventura, bonita por<br \/>\nnaturaleza\u2019, un potente programa de peque\u00f1as obras de cercan\u00eda impulsado por el<br \/>\nCabildo, han comenzado esta semana con un plan de trabajo que incluye la<br \/>\nadecuaci\u00f3n y mantenimiento general del recinto ferial y su entorno. <\/p>\n<p>As\u00ed, la primera actuaci\u00f3n ha sido la poda de<br \/>\npalmeras y la retirada de las hojas. Seguir\u00e1n otras labores como la instalaci\u00f3n<br \/>\nde vallados para proteger a los \u00e1rboles, la restauraci\u00f3n de muros de piedra, la<br \/>\nrealizaci\u00f3n de pocetas y la adecuaci\u00f3n de jardines. Tambi\u00e9n se intervendr\u00e1 en<br \/>\nlas zonas de aparcamiento para facilitar el tr\u00e1nsito seguro y el<br \/>\nestacionamiento de veh\u00edculos.<\/p>\n<p>Feaga es un buen ejemplo de colaboraci\u00f3n entre<br \/>\nadministraciones, ya que su organizaci\u00f3n requiere cada a\u00f1o de la participaci\u00f3n<br \/>\nde ayuntamientos, instituciones, entidades y empresas, adem\u00e1s del Cabildo, as\u00ed<br \/>\ncomo el compromiso de los profesionales del sector Primario.<\/p>\n<p>Como cada a\u00f1o, Feaga ser\u00e1 el espacio m\u00e1s importante<br \/>\nde Canarias de intercambio y promoci\u00f3n del sector. La cita contar\u00e1 con la<br \/>\nexposici\u00f3n de productos locales, jornadas t\u00e9cnicas, exhibiciones y concursos de<br \/>\nreferencia, como el Concurso Nacional de Queso de Leche de Cabra \u2013 Premios<br \/>\nTabefe.<\/p>\n<\/div>\n","protected":false},"excerpt":{"rendered":"<p>29 enero, 2026 Los trabajos incluyen poda de las palmeras e intervenci\u00f3n en las zonas verdes, adem\u00e1s de adecuar los espacios de aparcamiento, realizaci\u00f3n de pocetas, etc\u00e9tera El Servicio de [&hellip;]<\/p>\n","protected":false},"author":1,"featured_media":16961,"comment_status":"open","ping_status":"open","sticky":false,"template":"","format":"standard","meta":{"inline_featured_image":false,"jnews-multi-image_gallery":[],"jnews_single_post":[],"jnews_primary_category":[],"jnews_social_meta":[],"jnews_override_counter":[],"jnews_post_split":[],"footnotes":""},"categories":[58],"tags":[82],"class_list":["post-16959","post","type-post","status-publish","format-standard","has-post-thumbnail","hentry","category-cabildo","tag-fuerteventura"],"jetpack_featured_media_url":"https:\/\/informacionlocal.es\/wp-content\/uploads\/2026\/01\/tutu.jpeg","_links":{"self":[{"href":"https:\/\/informacionlocal.es\/it\/wp-json\/wp\/v2\/posts\/16959","targetHints":{"allow":["GET"]}}],"collection":[{"href":"https:\/\/informacionlocal.es\/it\/wp-json\/wp\/v2\/posts"}],"about":[{"href":"https:\/\/informacionlocal.es\/it\/wp-json\/wp\/v2\/types\/post"}],"author":[{"embeddable":true,"href":"https:\/\/informacionlocal.es\/it\/wp-json\/wp\/v2\/users\/1"}],"replies":[{"embeddable":true,"href":"https:\/\/informacionlocal.es\/it\/wp-json\/wp\/v2\/comments?post=16959"}],"version-history":[{"count":0,"href":"https:\/\/informacionlocal.es\/it\/wp-json\/wp\/v2\/posts\/16959\/revisions"}],"wp:featuredmedia":[{"embeddable":true,"href":"https:\/\/informacionlocal.es\/it\/wp-json\/wp\/v2\/media\/16961"}],"wp:attachment":[{"href":"https:\/\/informacionlocal.es\/it\/wp-json\/wp\/v2\/media?parent=16959"}],"wp:term":[{"taxonomy":"category","embeddable":true,"href":"https:\/\/informacionlocal.es\/it\/wp-json\/wp\/v2\/categories?post=16959"},{"taxonomy":"post_tag","embeddable":true,"href":"https:\/\/informacionlocal.es\/it\/wp-json\/wp\/v2\/tags?post=16959"}],"curies":[{"name":"wp","href":"https:\/\/api.w.org\/{rel}","templated":true}]}}