{"id":16909,"date":"2026-01-28T21:00:08","date_gmt":"2026-01-28T21:00:08","guid":{"rendered":"https:\/\/informacionlocal.es\/el-cabildo-de-fuerteventura-delimita-y-protege-la-marisma-de-gran-tarajal\/"},"modified":"2026-01-28T21:00:08","modified_gmt":"2026-01-28T21:00:08","slug":"el-cabildo-de-fuerteventura-delimita-y-protege-la-marisma-de-gran-tarajal","status":"publish","type":"post","link":"https:\/\/informacionlocal.es\/it\/el-cabildo-de-fuerteventura-delimita-y-protege-la-marisma-de-gran-tarajal\/","title":{"rendered":"El Cabildo de Fuerteventura delimita y protege la marisma de Gran Tarajal"},"content":{"rendered":"<div class=\"entry-content\"><strong>28 enero, 2026<\/strong><\/p>\n<p><strong>Las cuadrillas de \u2018Fuerteventura, bonita por<br \/>\nnaturaleza\u2019 han comenzado a instalar m\u00e1s de 400 postes de madera para se\u00f1alar<br \/>\nun per\u00edmetro de 615 metros lineales<\/strong><em>P<\/em><\/p>\n<p>El Cabildo de Fuerteventura, a trav\u00e9s de su medio<br \/>\npropio Gesti\u00f3n y Planeamiento Territorial y Medioambiental (Gesplan), ha<br \/>\niniciado la instalaci\u00f3n de un vallado que se\u00f1ale el per\u00edmetro de la marisma de Gran<br \/>\nTarajal. Es una acci\u00f3n incluida en el programa \u2018Fuerteventura, bonita por<br \/>\nnaturaleza\u2019 que impulsa el Cabildo, que seg\u00fan explica la presidenta insular,<br \/>\nLola Garc\u00eda, \u201cincluye actuaciones para conservar los recursos naturales y<br \/>\npatrimoniales de nuestra Isla y que se lleva a todos los rincones de la isla\u201d.<br \/>\n\u201cEn este caso, asegurando un elemento natural de importancia como son las<br \/>\nmarismas de Gran Tarajal\u201d.<\/p>\n<p>El consejero de Obras y Maquinaria, Blas Acosta,<br \/>\nexplica que \u201cestas peque\u00f1as acciones ayudan a ordenar el flujo de personas y<br \/>\nveh\u00edculos para preservar el patrimonio natural sin impedir la actividad humana\u201d.<\/p>\n<p>Se trata de una actuaci\u00f3n para se\u00f1alar un per\u00edmetro<br \/>\nde 615 metros lineales con m\u00e1s de 400 postes de madera de poco menos de un<br \/>\nmetro de altura. Con esta intervenci\u00f3n se pretende gestionar el \u00e1rea se\u00f1alada<br \/>\npara preservar el entorno natural de las marismas de Gran Tarajal y encauzar el<br \/>\nflujo de personas y veh\u00edculos en la zona.<\/p>\n<p>Los trabajos comenzaron esta semana con la<br \/>\nrealizaci\u00f3n de hoyos, mediante el uso de una retroexcavadora, para despu\u00e9s<br \/>\nincrustar en ellos los postes que delimitar\u00e1n el espacio de la marisma.<\/p>\n<p>El encargo<br \/>\n\u2018Fuerteventura, bonita por naturaleza\u2019 realizado por el departamento que dirige<br \/>\nBlas Acosta a Gesplan contempla actuaciones a largo de 15 meses, con una<br \/>\ninversi\u00f3n de cuatro millones de euros de financiaci\u00f3n propia en cerca de un<br \/>\ncentenar de \u201cacciones de cercan\u00eda\u201d que inciden directamente en la conservaci\u00f3n<br \/>\ndel entorno natural, en la buena percepci\u00f3n de los visitantes y en la calidad<br \/>\nde vida de los residentes.<\/p>\n<\/div>\n","protected":false},"excerpt":{"rendered":"<p>28 enero, 2026 Las cuadrillas de \u2018Fuerteventura, bonita por naturaleza\u2019 han comenzado a instalar m\u00e1s de 400 postes de madera para se\u00f1alar un per\u00edmetro de 615 metros linealesP El Cabildo [&hellip;]<\/p>\n","protected":false},"author":1,"featured_media":16911,"comment_status":"open","ping_status":"open","sticky":false,"template":"","format":"standard","meta":{"inline_featured_image":false,"jnews-multi-image_gallery":[],"jnews_single_post":[],"jnews_primary_category":[],"jnews_social_meta":[],"jnews_override_counter":[],"jnews_post_split":[],"footnotes":""},"categories":[58],"tags":[82],"class_list":["post-16909","post","type-post","status-publish","format-standard","has-post-thumbnail","hentry","category-cabildo","tag-fuerteventura"],"jetpack_featured_media_url":"https:\/\/informacionlocal.es\/wp-content\/uploads\/2026\/01\/ee.jpeg","_links":{"self":[{"href":"https:\/\/informacionlocal.es\/it\/wp-json\/wp\/v2\/posts\/16909","targetHints":{"allow":["GET"]}}],"collection":[{"href":"https:\/\/informacionlocal.es\/it\/wp-json\/wp\/v2\/posts"}],"about":[{"href":"https:\/\/informacionlocal.es\/it\/wp-json\/wp\/v2\/types\/post"}],"author":[{"embeddable":true,"href":"https:\/\/informacionlocal.es\/it\/wp-json\/wp\/v2\/users\/1"}],"replies":[{"embeddable":true,"href":"https:\/\/informacionlocal.es\/it\/wp-json\/wp\/v2\/comments?post=16909"}],"version-history":[{"count":0,"href":"https:\/\/informacionlocal.es\/it\/wp-json\/wp\/v2\/posts\/16909\/revisions"}],"wp:featuredmedia":[{"embeddable":true,"href":"https:\/\/informacionlocal.es\/it\/wp-json\/wp\/v2\/media\/16911"}],"wp:attachment":[{"href":"https:\/\/informacionlocal.es\/it\/wp-json\/wp\/v2\/media?parent=16909"}],"wp:term":[{"taxonomy":"category","embeddable":true,"href":"https:\/\/informacionlocal.es\/it\/wp-json\/wp\/v2\/categories?post=16909"},{"taxonomy":"post_tag","embeddable":true,"href":"https:\/\/informacionlocal.es\/it\/wp-json\/wp\/v2\/tags?post=16909"}],"curies":[{"name":"wp","href":"https:\/\/api.w.org\/{rel}","templated":true}]}}