{"id":16877,"date":"2026-01-28T13:59:55","date_gmt":"2026-01-28T13:59:55","guid":{"rendered":"https:\/\/informacionlocal.es\/el-centro-de-arte-juan-ismael-inaugura-las-exposiciones-xaxo-de-nayra-martin-y-habitar-la-salina-de-patricia-santana\/"},"modified":"2026-01-28T13:59:55","modified_gmt":"2026-01-28T13:59:55","slug":"el-centro-de-arte-juan-ismael-inaugura-las-exposiciones-xaxo-de-nayra-martin-y-habitar-la-salina-de-patricia-santana","status":"publish","type":"post","link":"https:\/\/informacionlocal.es\/it\/el-centro-de-arte-juan-ismael-inaugura-las-exposiciones-xaxo-de-nayra-martin-y-habitar-la-salina-de-patricia-santana\/","title":{"rendered":"\ufeffEl Centro de Arte Juan Ismael inaugura las exposiciones \u2018XAXO\u2019 de Nayra Mart\u00edn y \u2018Habitar la salina\u2019 de Patricia Santana"},"content":{"rendered":"<div class=\"entry-content\"><strong>28 enero, 2026<\/strong><\/p>\n<p><em><strong>Las muestras pertenecen a artistas canarias y son producidas por la Viceconsejer\u00eda de Cultura del Gobierno de Canarias con la colaboraci\u00f3n del Cabildo insular<\/strong><\/em><\/p>\n<p>El Centro de Arte Juan Ismael inaugura el pr\u00f3ximo 12 de febrero, a las 20.00 horas, las exposiciones \u2018XAXO\u2019 y \u2018Habitar la salina\u2019 de las artistas canarias Nayra Mart\u00edn y Patricia Santana, respectivamente. Se trata de dos exposiciones producidas por la Viceconsejer\u00eda de Cultura del Gobierno de Canarias, con la colaboraci\u00f3n del Cabildo de Fuerteventura.<\/p>\n<p>\u2018XAXO\u2019 es un proyecto que aborda una profunda reflexi\u00f3n sobre el colonialismo y el papel de las instituciones muse\u00edsticas en la construcci\u00f3n de relatos hist\u00f3ricos. El t\u00edtulo de la muestra, \u2018XAXO\u2019, corresponde al nombre que los abor\u00edgenes canarios daban a los cuerpos embalsamados, planteando una cr\u00edtica a la forma en que se ha manejado el patrimonio cultural de los pueblos colonizados, tomando como punto de partida la historia de la momia guanche descubierta en el Barranco de Herques (Arico) en 1763, trasladada como regalo al rey Carlos III y actualmente exhibida en el Museo Arqueol\u00f3gico Nacional de Madrid.\u00a0<\/p>\n<p>Por su parte, \u2018Habitar la salina\u2019 se compone de una serie de obras pict\u00f3ricas que giran en torno a las Salinas de Janubio. Su belleza y singularidad han sido los detonantes de esta investigaci\u00f3n pict\u00f3rica que se articula en tres partes claramente diferenciadas: Salinas, Tumbar la nata y Nadar entre salinas.<\/p>\n<p>Patricia Santana ofrece su punto de vista para mostrar su verdad pl\u00e1stica. La muestra se compone de una serie de obras caracterizadas por una pulsi\u00f3n figurativa marcada mediante la reinterpretaci\u00f3n fragmentaria del motivo como gui\u00f1o a los enclaves salineros.<\/p>\n<\/div>\n","protected":false},"excerpt":{"rendered":"<p>28 enero, 2026 Las muestras pertenecen a artistas canarias y son producidas por la Viceconsejer\u00eda de Cultura del Gobierno de Canarias con la colaboraci\u00f3n del Cabildo insular El Centro de [&hellip;]<\/p>\n","protected":false},"author":1,"featured_media":16879,"comment_status":"open","ping_status":"open","sticky":false,"template":"","format":"standard","meta":{"inline_featured_image":false,"jnews-multi-image_gallery":[],"jnews_single_post":[],"jnews_primary_category":[],"jnews_social_meta":[],"jnews_override_counter":[],"jnews_post_split":[],"footnotes":""},"categories":[58],"tags":[82],"class_list":["post-16877","post","type-post","status-publish","format-standard","has-post-thumbnail","hentry","category-cabildo","tag-fuerteventura"],"jetpack_featured_media_url":"https:\/\/informacionlocal.es\/wp-content\/uploads\/2026\/01\/frer.png","_links":{"self":[{"href":"https:\/\/informacionlocal.es\/it\/wp-json\/wp\/v2\/posts\/16877","targetHints":{"allow":["GET"]}}],"collection":[{"href":"https:\/\/informacionlocal.es\/it\/wp-json\/wp\/v2\/posts"}],"about":[{"href":"https:\/\/informacionlocal.es\/it\/wp-json\/wp\/v2\/types\/post"}],"author":[{"embeddable":true,"href":"https:\/\/informacionlocal.es\/it\/wp-json\/wp\/v2\/users\/1"}],"replies":[{"embeddable":true,"href":"https:\/\/informacionlocal.es\/it\/wp-json\/wp\/v2\/comments?post=16877"}],"version-history":[{"count":0,"href":"https:\/\/informacionlocal.es\/it\/wp-json\/wp\/v2\/posts\/16877\/revisions"}],"wp:featuredmedia":[{"embeddable":true,"href":"https:\/\/informacionlocal.es\/it\/wp-json\/wp\/v2\/media\/16879"}],"wp:attachment":[{"href":"https:\/\/informacionlocal.es\/it\/wp-json\/wp\/v2\/media?parent=16877"}],"wp:term":[{"taxonomy":"category","embeddable":true,"href":"https:\/\/informacionlocal.es\/it\/wp-json\/wp\/v2\/categories?post=16877"},{"taxonomy":"post_tag","embeddable":true,"href":"https:\/\/informacionlocal.es\/it\/wp-json\/wp\/v2\/tags?post=16877"}],"curies":[{"name":"wp","href":"https:\/\/api.w.org\/{rel}","templated":true}]}}