{"id":16849,"date":"2026-01-27T22:01:34","date_gmt":"2026-01-27T22:01:34","guid":{"rendered":"https:\/\/informacionlocal.es\/el-cabildo-acerca-la-gestion-de-residuos-y-el-reciclaje-a-mas-de-800-escolares-de-fuerteventura\/"},"modified":"2026-01-27T22:01:34","modified_gmt":"2026-01-27T22:01:34","slug":"el-cabildo-acerca-la-gestion-de-residuos-y-el-reciclaje-a-mas-de-800-escolares-de-fuerteventura","status":"publish","type":"post","link":"https:\/\/informacionlocal.es\/it\/el-cabildo-acerca-la-gestion-de-residuos-y-el-reciclaje-a-mas-de-800-escolares-de-fuerteventura\/","title":{"rendered":"\ufeffEl Cabildo acerca la gesti\u00f3n de residuos y el reciclaje a m\u00e1s de 800 escolares de Fuerteventura"},"content":{"rendered":"<div class=\"entry-content\"><strong>27 enero, 2026<\/strong><\/p>\n<p><em><strong>La Consejer\u00eda de Residuos contin\u00faa sensibilizando desde edades tempranas sobre el tratamiento de los residuos y los pasos a emprender hacia la econom\u00eda circular<\/strong><\/em><\/p>\n<p>El Cabildo contin\u00faa concienciando sobre gesti\u00f3n de residuos y reciclaje a los j\u00f3venes de Fuerteventura. M\u00e1s de 800 escolares de primaria participan en una nueva campa\u00f1a de sensibilizaci\u00f3n puesta en marcha por la Consejer\u00eda de Residuos, que dirige Enrique P\u00e9rez.<\/p>\n<p>El alumnado recibe formaci\u00f3n en el aula y visita los diferentes puntos limpios distribuidos por toda la Isla.<\/p>\n<p>Durante una visita celebrada al CEIP La Oliva, Enrique P\u00e9rez ha puesto en relieve la necesidad de sensibilizar a la poblaci\u00f3n sobre la realidad actual de la gesti\u00f3n y el tratamiento de los residuos en Fuerteventura, de manera que se tome conciencia de cu\u00e1les son las problem\u00e1ticas existentes y el modelo que se implanta para avanzar hacia la econom\u00eda circular.<\/p>\n<p>P\u00e9rez traslad\u00f3 que \u201cla concienciaci\u00f3n es fundamental para reducir los productos desechables, su reutilizaci\u00f3n y reciclaje al final de su vida \u00fatil, siendo importante concienciar desde edades tempranas para alcanzar ese compromiso entre sociedad e instituciones\u201d.<\/p>\n<p>Durante la actividad, el consejero Enrique P\u00e9rez estuvo acompa\u00f1ado por el consejero de Educaci\u00f3n, Adargoma Hern\u00e1ndez, quien destac\u00f3 la necesidad de \u201cempezar a concienciar desde edades tempranas para implicar a los j\u00f3venes en el reciclaje\u201d. Tambi\u00e9n particip\u00f3 la concejala de Educaci\u00f3n del Ayuntamiento de La Oliva, Omaira Saavedra, ha agradecido la coordinaci\u00f3n entre ambas administraciones, que permite llevar este tipo de actividades de sensibilizaci\u00f3n a los centros educativos.<\/p>\n<p>La Consejer\u00eda de Residuos de la Corporaci\u00f3n insular contin\u00faa acercando as\u00ed la gesti\u00f3n de residuos y el reciclaje a los m\u00e1s j\u00f3venes. El pasado a\u00f1o, participaron en las actividades un millar de estudiantes.\u00a0<\/p>\n<\/div>\n","protected":false},"excerpt":{"rendered":"<p>27 enero, 2026 La Consejer\u00eda de Residuos contin\u00faa sensibilizando desde edades tempranas sobre el tratamiento de los residuos y los pasos a emprender hacia la econom\u00eda circular El Cabildo contin\u00faa [&hellip;]<\/p>\n","protected":false},"author":1,"featured_media":16851,"comment_status":"open","ping_status":"open","sticky":false,"template":"","format":"standard","meta":{"inline_featured_image":false,"jnews-multi-image_gallery":[],"jnews_single_post":[],"jnews_primary_category":[],"jnews_social_meta":[],"jnews_override_counter":[],"jnews_post_split":[],"footnotes":""},"categories":[58],"tags":[73,82],"class_list":["post-16849","post","type-post","status-publish","format-standard","has-post-thumbnail","hentry","category-cabildo","tag-educacion","tag-fuerteventura"],"jetpack_featured_media_url":"https:\/\/informacionlocal.es\/wp-content\/uploads\/2026\/01\/www.jpeg","_links":{"self":[{"href":"https:\/\/informacionlocal.es\/it\/wp-json\/wp\/v2\/posts\/16849","targetHints":{"allow":["GET"]}}],"collection":[{"href":"https:\/\/informacionlocal.es\/it\/wp-json\/wp\/v2\/posts"}],"about":[{"href":"https:\/\/informacionlocal.es\/it\/wp-json\/wp\/v2\/types\/post"}],"author":[{"embeddable":true,"href":"https:\/\/informacionlocal.es\/it\/wp-json\/wp\/v2\/users\/1"}],"replies":[{"embeddable":true,"href":"https:\/\/informacionlocal.es\/it\/wp-json\/wp\/v2\/comments?post=16849"}],"version-history":[{"count":0,"href":"https:\/\/informacionlocal.es\/it\/wp-json\/wp\/v2\/posts\/16849\/revisions"}],"wp:featuredmedia":[{"embeddable":true,"href":"https:\/\/informacionlocal.es\/it\/wp-json\/wp\/v2\/media\/16851"}],"wp:attachment":[{"href":"https:\/\/informacionlocal.es\/it\/wp-json\/wp\/v2\/media?parent=16849"}],"wp:term":[{"taxonomy":"category","embeddable":true,"href":"https:\/\/informacionlocal.es\/it\/wp-json\/wp\/v2\/categories?post=16849"},{"taxonomy":"post_tag","embeddable":true,"href":"https:\/\/informacionlocal.es\/it\/wp-json\/wp\/v2\/tags?post=16849"}],"curies":[{"name":"wp","href":"https:\/\/api.w.org\/{rel}","templated":true}]}}