{"id":16842,"date":"2026-01-27T20:59:31","date_gmt":"2026-01-27T20:59:31","guid":{"rendered":"https:\/\/informacionlocal.es\/el-cabildo-de-fuerteventura-abre-el-periodo-de-subsanacion-de-documentacion-para-las-becas-de-estudio\/"},"modified":"2026-01-27T20:59:31","modified_gmt":"2026-01-27T20:59:31","slug":"el-cabildo-de-fuerteventura-abre-el-periodo-de-subsanacion-de-documentacion-para-las-becas-de-estudio","status":"publish","type":"post","link":"https:\/\/informacionlocal.es\/it\/el-cabildo-de-fuerteventura-abre-el-periodo-de-subsanacion-de-documentacion-para-las-becas-de-estudio\/","title":{"rendered":"\ufeffEl Cabildo de Fuerteventura abre el periodo de subsanaci\u00f3n de documentaci\u00f3n para las becas de estudio"},"content":{"rendered":"<div class=\"entry-content\"><strong>27 enero, 2026<\/strong><\/p>\n<p><strong>El Cabildo de Fuerteventura abre el periodo de subsanaci\u00f3n de documentaci\u00f3n para las becas de estudio<\/strong><\/p>\n<p><em><strong>El plazo para presentar los documentos permanece abierto hasta el 9 de febrero<\/strong><\/em><\/p>\n<p>El Cabildo de Fuerteventura, a trav\u00e9s de la Consejer\u00eda de Educaci\u00f3n, ha publicado el requerimiento de subsanaci\u00f3n de documentaci\u00f3n para la convocatoria de becas de estudio correspondientes al curso 2025\/2026. Las personas interesadas tienen hasta el 9 de febrero para presentar la documentaci\u00f3n a trav\u00e9s de la web:<\/p>\n<figure class=\"wp-block-embed\">\n<div class=\"wp-block-embed__wrapper\">\nhttps:\/\/becas.cabildofuer.es\n<\/div>\n<\/figure>\n<p>Las becas se dirigen a estudios dentro y fuera de la Isla de ESO, Bachillerato, FP y universidades (grados y posgrados). Toda la informaci\u00f3n y la lista de personas con requerimiento de documentaci\u00f3n puede consultarse en el \u00e1rea de ayudas, becas y subvenciones de la p\u00e1gina web del Cabildo:\u00a0https:\/\/www.cabildofuer.es\/cabildo\/atencion-al-ciudadano\/ayudas-becas-y-subvenciones\/educacion\/<\/p>\n<p>Tanto la presidenta del Cabildo, Lola Garc\u00eda, como el consejero de Educaci\u00f3n, Adargoma Hern\u00e1ndez, recalcan la gran inversi\u00f3n que realiza la Corporaci\u00f3n insular en becas para los estudiantes. El Cabildo de Fuerteventura es el que m\u00e1s l\u00edneas de ayuda concede y, asimismo, el \u00fanico que destina ayudas para el Bachillerato y ESO.<\/p>\n<p>La Consejer\u00eda de Educaci\u00f3n ha trabajado para ir adelantando cada vez m\u00e1s el inicio del plazo de solicitudes. Adem\u00e1s, se han ido introduciendo novedades, reduciendo el umbral del grado de discapacidad, as\u00ed como ampliado las ayudas a estudios de posgrado y especializaci\u00f3n de formaci\u00f3n profesional, lo que permite a los estudiantes que cursan m\u00e1steres a distancia puedan beneficiarse.<\/p>\n<p>Cabe destacar, adem\u00e1s, que el Cabildo de Fuerteventura es el \u00fanico que ha digitalizado por completo el proceso de solicitudes y baremaci\u00f3n, garantizando un proceso \u00e1gil y accesible a los interesados.<\/p>\n<\/div>\n","protected":false},"excerpt":{"rendered":"<p>27 enero, 2026 El Cabildo de Fuerteventura abre el periodo de subsanaci\u00f3n de documentaci\u00f3n para las becas de estudio El plazo para presentar los documentos permanece abierto hasta el 9 [&hellip;]<\/p>\n","protected":false},"author":1,"featured_media":16845,"comment_status":"open","ping_status":"open","sticky":false,"template":"","format":"standard","meta":{"inline_featured_image":false,"jnews-multi-image_gallery":[],"jnews_single_post":[],"jnews_primary_category":[],"jnews_social_meta":[],"jnews_override_counter":[],"jnews_post_split":[],"footnotes":""},"categories":[58],"tags":[73,82],"class_list":["post-16842","post","type-post","status-publish","format-standard","has-post-thumbnail","hentry","category-cabildo","tag-educacion","tag-fuerteventura"],"jetpack_featured_media_url":"https:\/\/informacionlocal.es\/wp-content\/uploads\/2026\/01\/dfdfdef.jpeg","_links":{"self":[{"href":"https:\/\/informacionlocal.es\/it\/wp-json\/wp\/v2\/posts\/16842","targetHints":{"allow":["GET"]}}],"collection":[{"href":"https:\/\/informacionlocal.es\/it\/wp-json\/wp\/v2\/posts"}],"about":[{"href":"https:\/\/informacionlocal.es\/it\/wp-json\/wp\/v2\/types\/post"}],"author":[{"embeddable":true,"href":"https:\/\/informacionlocal.es\/it\/wp-json\/wp\/v2\/users\/1"}],"replies":[{"embeddable":true,"href":"https:\/\/informacionlocal.es\/it\/wp-json\/wp\/v2\/comments?post=16842"}],"version-history":[{"count":0,"href":"https:\/\/informacionlocal.es\/it\/wp-json\/wp\/v2\/posts\/16842\/revisions"}],"wp:featuredmedia":[{"embeddable":true,"href":"https:\/\/informacionlocal.es\/it\/wp-json\/wp\/v2\/media\/16845"}],"wp:attachment":[{"href":"https:\/\/informacionlocal.es\/it\/wp-json\/wp\/v2\/media?parent=16842"}],"wp:term":[{"taxonomy":"category","embeddable":true,"href":"https:\/\/informacionlocal.es\/it\/wp-json\/wp\/v2\/categories?post=16842"},{"taxonomy":"post_tag","embeddable":true,"href":"https:\/\/informacionlocal.es\/it\/wp-json\/wp\/v2\/tags?post=16842"}],"curies":[{"name":"wp","href":"https:\/\/api.w.org\/{rel}","templated":true}]}}