{"id":16770,"date":"2026-01-26T20:59:58","date_gmt":"2026-01-26T20:59:58","guid":{"rendered":"https:\/\/informacionlocal.es\/turismo-y-sector-primario-la-genuina-receta-de-fuerteventura-para-madrid-fusion\/"},"modified":"2026-01-26T20:59:58","modified_gmt":"2026-01-26T20:59:58","slug":"turismo-y-sector-primario-la-genuina-receta-de-fuerteventura-para-madrid-fusion","status":"publish","type":"post","link":"https:\/\/informacionlocal.es\/it\/turismo-y-sector-primario-la-genuina-receta-de-fuerteventura-para-madrid-fusion\/","title":{"rendered":"Turismo y sector Primario, la genuina receta de Fuerteventura para Madrid Fusi\u00f3n"},"content":{"rendered":"<div class=\"entry-content\"><strong>26 enero, 2026<\/strong><\/p>\n<p><em><strong>Estand propio del Cabildo en una de las ferias gastron\u00f3micas de referencia mundial, m\u00e1s actividades especializadas de catas en Ifema y en el Mercado de La Cebada<\/strong><\/em><\/p>\n<p><em><strong>Marlene Figueroa: \u201cUnimos producci\u00f3n local, gastronom\u00eda con sello majorero y turismo como f\u00f3rmula de la genuina \u2018experiencia Fuerteventura\u2019 para un nuevo tipo de turismo\u201d<\/strong><\/em><\/p>\n<p><em><strong>Mat\u00edas Pe\u00f1a Garc\u00eda, ha destacado \u201cel trabajo que realizan los profesionales del sector primario majorero para llevar lo mejor del producto de Fuerteventura a Madrid Fusi\u00f3n, diversificando la econom\u00eda local y mejorando la experiencia de visitar Fuerteventura\u201d<\/strong><\/em><\/p>\n<p>El recinto<br \/>\nferial Ifema acoge a partir de hoy una de las citas gastron\u00f3micas de referencia<br \/>\nmundial, Madrid Fusi\u00f3n, donde Fuerteventura participa con estand propio y<br \/>\npropuesta propia. Tras el cierre de Fitur, Madrid Fusi\u00f3n da continuidad a la<br \/>\nestrategia del Cabildo majorero de captar un nuevo tipo de turismo m\u00e1s<br \/>\nsostenible, interesado en conocer el destino y demandante de bienes y servicios con<br \/>\nsello de autenticidad.<\/p>\n<p>En esta<br \/>\nestrategia, la Consejer\u00eda de Turismo del Cabildo de Fuerteventura se ha aliado<br \/>\ncon la Consejer\u00eda de Agricultura, Ganader\u00eda y Pesca para ofrecer un programa de<br \/>\nactividades de catas con sello majorero con la participaci\u00f3n de referentes locales como los chef Borja Cabrea, Mario<br \/>\nYamuza, Juan Carlos Campos, Alejando Acosta, Rigoberto Almeida e Iv\u00e1n Rodr\u00edguez.<\/p>\n<p>La consejera de<br \/>\nTurismo del Cabildo de Fuerteventura, Marlene Figueroa, explica que \u201cen Madrid Fusi\u00f3n, siguiendo la misma l\u00ednea de<br \/>\ntrabajo desplegada en Fitur y en sinton\u00eda con todo el sector, unimos producci\u00f3n<br \/>\nlocal, gastronom\u00eda con sello majorero y turismo como f\u00f3rmula de la genuina<br \/>\n\u2018experiencia Fuerteventura\u2019 para atraer<br \/>\nun nuevo tipo de turismo que genere m\u00e1s riqueza<br \/>\nlas econom\u00edas locales\u201d.<\/p>\n<p>El consejero de<br \/>\nAgricultura, Ganader\u00eda y Pesca del Cabildo de Fuerteventura, Mat\u00edas Pe\u00f1a Garc\u00eda,<br \/>\nha destacado el trabajo que realizan los profesionales del sector primario<br \/>\nmajorero para llevar lo mejor del producto de Fuerteventura a Madrid Fusi\u00f3n, diversificando<br \/>\nla econom\u00eda local y mejorando la experiencia de visitar Fuerteventura.<\/p>\n<p>Del 26 al 28 de<br \/>\nenero se desarrollar\u00e1n talleres, catas y degustaciones profesionales con marca Fuerteventura, tanto en el recinto<br \/>\nferial Ifema como en el Mercado<br \/>\nde La Cebada, en los que participar\u00e1n\u00a0 la \u2018fromelier\u2019 (experta en<br \/>\nquesos) Annet Guevara y los creadores de<br \/>\ncontenido @gourmetismo, @lariojatoeat, @el_gastrosofo_bohemio, @gastro.viajera<br \/>\ny @davidbellolv.<\/p>\n<p>El programa de actividades de Fuerteventura en<br \/>\nMadrid Fusi\u00f3n, la gran cumbre de gastronom\u00eda mundial, tambi\u00e9n contar\u00e1 con la<br \/>\nparticipaci\u00f3n del equipo Mart\u00edn Afinador de @quesartemartin y<br \/>\n@patriciavargasnet, a cargo de @gourmetquesos2.0 y @quesojobs.<\/p>\n<p>\u201cFuerteventura acude a Madrid Fusi\u00f3n con estand<br \/>\npropio, con presencia propia, para abordar los nuevos retos a los que se<br \/>\nenfrenta la gastronom\u00eda con la transformaci\u00f3n del comensal pasivo en un cliente<br \/>\nm\u00e1s informado, m\u00e1s exigente y con m\u00e1s criterio, y con ello ampliar la presencia<br \/>\nde nuestro destino en un potencial mercado tur\u00edstico interesado por conocer la<br \/>\nFuerteventura m\u00e1s genuina y saborear recetas que surgen del cultivo, la<br \/>\nganader\u00eda y la pesca locales\u201d, reitera Marlene Figueroa.<\/p>\n<p><strong>Agenda Fuerteventura Madrid Fusi\u00f3n<\/strong><\/p>\n<p>Del 26 al 28 de enero, Fuerteventura est\u00e1<br \/>\npresente en Madrid Fusi\u00f3n 2026. El estand propio del Patronato Insular de<br \/>\nTurismo de Fuerteventura se convierte en una cocina profesional y abierta que<br \/>\nmuestra la oferta gastron\u00f3mica de los seis municipios de la isla, en<br \/>\ncolaboraci\u00f3n este a\u00f1o de la Consejer\u00eda del Sector Primario del Cabildo, adem\u00e1s<br \/>\nde contar con el espacio adicional Saborea Fuerteventura, dentro de Saborea<br \/>\nEspa\u00f1a, que lleva por eslogan \u00abDe la humildad a la excelencia: quesos y<br \/>\nvinos de Fuerteventura\u00bb e incluye una cata en el Mercado de La Cebada.<\/p>\n<p>Lunes 26. La agenda est\u00e1 centrada en mostrar la<br \/>\noferta gastron\u00f3mica de los municipios de La Oliva y Puerto del Rosario. Es el<br \/>\nturno de los chef Borja Cabrea, del restaurante El Horno (Villaverde), y de<br \/>\nMario Yamuza, de Gastrotasca (Puerto del Rosario).<\/p>\n<p>Marts 27. El estand de Fuerteventura se convierte<br \/>\nen el escenario de la oferta gastron\u00f3mica de los municipios de Antigua y<br \/>\nBetancuria, a trav\u00e9s de los chef Juan Carlos Campos, del restaurante Mar<br \/>\nDorado-Hotel Ereza Mar (Caleta de Fuste), y Alejando Acosta, del restaurante El<br \/>\nPirata Verde (Betancuria).<\/p>\n<p>Adem\u00e1s, a mediod\u00eda del martes se programa una<br \/>\ncata de quesos y vinos en el Mercado de La Cebada, dentro de la campa\u00f1a<br \/>\n\u00abDe la humildad a la excelencia: quesos y vinos de Fuerteventura\u00bb.<br \/>\nCuenta con la participaci\u00f3n del en\u00f3logo de la Bodega Conatvs, Alberto Gonz\u00e1lez,<br \/>\ny la \u2018fromelier\u2019 del equipo Mart\u00edn Afinador, Noem\u00ed Gonz\u00e1lez, subcampeona de<br \/>\nEspa\u00f1a y Maestra Fromelier 2024.<\/p>\n<p>Mi\u00e9rcoles 28. El \u00faltimo d\u00eda de Madrid Fusi\u00f3n es<br \/>\nel momento de la oferta gastron\u00f3mica de los municipios de P\u00e1jara y Tuineje, con<br \/>\nlas creaciones de los chef Rigoberto Almeida, del restaurante El Pellizco<br \/>\n(Costa Calma, P\u00e1jara), e Iv\u00e1n Rodr\u00edguez, del restaurante Chirate (Giniginamar,<br \/>\nTuineje).<\/p>\n<\/div>\n","protected":false},"excerpt":{"rendered":"<p>26 enero, 2026 Estand propio del Cabildo en una de las ferias gastron\u00f3micas de referencia mundial, m\u00e1s actividades especializadas de catas en Ifema y en el Mercado de La Cebada [&hellip;]<\/p>\n","protected":false},"author":1,"featured_media":16772,"comment_status":"open","ping_status":"open","sticky":false,"template":"","format":"standard","meta":{"inline_featured_image":false,"jnews-multi-image_gallery":[],"jnews_single_post":[],"jnews_primary_category":[],"jnews_social_meta":[],"jnews_override_counter":[],"jnews_post_split":[],"footnotes":""},"categories":[58],"tags":[70,82,65],"class_list":["post-16770","post","type-post","status-publish","format-standard","has-post-thumbnail","hentry","category-cabildo","tag-agenda","tag-fuerteventura","tag-municipios"],"jetpack_featured_media_url":"https:\/\/informacionlocal.es\/wp-content\/uploads\/2026\/01\/fefefe.jpeg","_links":{"self":[{"href":"https:\/\/informacionlocal.es\/it\/wp-json\/wp\/v2\/posts\/16770","targetHints":{"allow":["GET"]}}],"collection":[{"href":"https:\/\/informacionlocal.es\/it\/wp-json\/wp\/v2\/posts"}],"about":[{"href":"https:\/\/informacionlocal.es\/it\/wp-json\/wp\/v2\/types\/post"}],"author":[{"embeddable":true,"href":"https:\/\/informacionlocal.es\/it\/wp-json\/wp\/v2\/users\/1"}],"replies":[{"embeddable":true,"href":"https:\/\/informacionlocal.es\/it\/wp-json\/wp\/v2\/comments?post=16770"}],"version-history":[{"count":0,"href":"https:\/\/informacionlocal.es\/it\/wp-json\/wp\/v2\/posts\/16770\/revisions"}],"wp:featuredmedia":[{"embeddable":true,"href":"https:\/\/informacionlocal.es\/it\/wp-json\/wp\/v2\/media\/16772"}],"wp:attachment":[{"href":"https:\/\/informacionlocal.es\/it\/wp-json\/wp\/v2\/media?parent=16770"}],"wp:term":[{"taxonomy":"category","embeddable":true,"href":"https:\/\/informacionlocal.es\/it\/wp-json\/wp\/v2\/categories?post=16770"},{"taxonomy":"post_tag","embeddable":true,"href":"https:\/\/informacionlocal.es\/it\/wp-json\/wp\/v2\/tags?post=16770"}],"curies":[{"name":"wp","href":"https:\/\/api.w.org\/{rel}","templated":true}]}}