{"id":16714,"date":"2026-01-23T21:02:33","date_gmt":"2026-01-23T21:02:33","guid":{"rendered":"https:\/\/informacionlocal.es\/el-cabildo-de-fuerteventura-rehabilita-el-patrimonio-a-traves-del-plan-de-empleo-memoria-viva\/"},"modified":"2026-01-23T21:02:33","modified_gmt":"2026-01-23T21:02:33","slug":"el-cabildo-de-fuerteventura-rehabilita-el-patrimonio-a-traves-del-plan-de-empleo-memoria-viva","status":"publish","type":"post","link":"https:\/\/informacionlocal.es\/it\/el-cabildo-de-fuerteventura-rehabilita-el-patrimonio-a-traves-del-plan-de-empleo-memoria-viva\/","title":{"rendered":"El Cabildo de Fuerteventura rehabilita el patrimonio a trav\u00e9s del plan de empleo \u2018Memoria Viva\u2019"},"content":{"rendered":"<div class=\"entry-content\"><strong>23 enero, 2026<\/strong><\/p>\n<p><strong><em>El programa impulsa la conservaci\u00f3n y rehabilitaci\u00f3n de espacios<br \/>\npatrimoniales de la isla, generando empleo local y fortaleciendo el turismo<br \/>\ncultural<\/em><\/strong><\/p>\n<p>El Cabildo de Fuerteventura ha recibido a los 17 participantes del plan de empleo \u201cMemoria Viva 2025\u201d, una iniciativa de<br \/>\nla Consejer\u00eda de Fomento del Empleo destinada a conservar y rehabilitar los<br \/>\nespacios patrimoniales de la isla, fomentando el empleo local. <\/p>\n<p>La presidenta insular, Lola Garc\u00eda, ha explicado que el proyecto<br \/>\ntiene un coste de 472.007,63 \u20ac, cofinanciado entre el Cabildo de Fuerteventura<br \/>\ny el Gobierno de Canarias a trav\u00e9s del Fondo de Desarrollo de Canarias (FDCAN).\n<\/p>\n<p>Garc\u00eda puso en valor un plan de empleo \u201cque se dirige a conservar<br \/>\nlos espacios patrimoniales majoreros, uno de nuestros grandes tesoros\u201d.<br \/>\nAsimismo, Fuerteventura cuenta, actualmente, con m\u00e1s de 5.500 personas<br \/>\ndesempleadas, por lo que es importante seguir fomentando este tipo de<br \/>\niniciativas para seguir descendiendo esa cifra y seguir mejorando la inserci\u00f3n<br \/>\nlaboral\u201d. <\/p>\n<p>La consejera de Fomento del Empleo, Nuria Cabrera, ha recalcado el<br \/>\ncompromiso de la Corporaci\u00f3n insular \u201cpor impulsar pol\u00edticas activas de empleo<br \/>\nen Fuerteventura, en este caso con un programa para la conservaci\u00f3n de nuestro<br \/>\npatrimonio en espacios pertenecientes en la red de centro de Museos de<br \/>\nFuerteventura, gracias a la coordinaci\u00f3n con esta \u00e1rea insular\u201d. <\/p>\n<p>De esta manera, los trabajos de acondicionamiento y rehabilitaci\u00f3n<br \/>\nse han llevado ya a espacios como Faro del Tost\u00f3n, Cueva del Llano, el Faro de<br \/>\nla Entallada, las Casas de Felipito el Feo, La Atalayita, el Molino de<br \/>\nVillaverde y el Complejo Cultural Patrimonial de La Ampuyenta. Adem\u00e1s,<br \/>\n\u201ca trav\u00e9s de convenios con los ayuntamientos vamos a actuar en el patrimonio<br \/>\nhist\u00f3rico de los diferentes municipios como casas tradicionales, hornos de cal<br \/>\nhist\u00f3ricos, antiguas escuelas, etc\u201d, apunt\u00f3 Cabrera.<\/p>\n<p>Entre las acciones se incluyen labores de embellecimiento de<br \/>\nfachadas, limpieza, consolidaci\u00f3n de estructuras o mejoras de se\u00f1alizaci\u00f3n y<br \/>\naccesibilidad. <\/p>\n<p>En el acto estuvieron presentes, adem\u00e1s, el consejero de Museos de Fuerteventura, Rayco Le\u00f3n, y las concejalas de Empleo del Ayuntamiento de Puerto del Rosario, \u00c9rica Gonz\u00e1lez, y de P\u00e1jara, Luc\u00eda Darriba. Rayco Le\u00f3n ha resaltado la importancia de este tipo de proyectos que se realizan en materias tan sensibles como es el patrimonio majorero.<\/p>\n<\/div>\n","protected":false},"excerpt":{"rendered":"<p>23 enero, 2026 El programa impulsa la conservaci\u00f3n y rehabilitaci\u00f3n de espacios patrimoniales de la isla, generando empleo local y fortaleciendo el turismo cultural El Cabildo de Fuerteventura ha recibido [&hellip;]<\/p>\n","protected":false},"author":1,"featured_media":16716,"comment_status":"open","ping_status":"open","sticky":false,"template":"","format":"standard","meta":{"inline_featured_image":false,"jnews-multi-image_gallery":[],"jnews_single_post":[],"jnews_primary_category":[],"jnews_social_meta":[],"jnews_override_counter":[],"jnews_post_split":[],"footnotes":""},"categories":[58],"tags":[82,65],"class_list":["post-16714","post","type-post","status-publish","format-standard","has-post-thumbnail","hentry","category-cabildo","tag-fuerteventura","tag-municipios"],"jetpack_featured_media_url":"https:\/\/informacionlocal.es\/wp-content\/uploads\/2026\/01\/1769173199-5fd014db3fef11e448e01d2238f9e55e.jpg","_links":{"self":[{"href":"https:\/\/informacionlocal.es\/it\/wp-json\/wp\/v2\/posts\/16714","targetHints":{"allow":["GET"]}}],"collection":[{"href":"https:\/\/informacionlocal.es\/it\/wp-json\/wp\/v2\/posts"}],"about":[{"href":"https:\/\/informacionlocal.es\/it\/wp-json\/wp\/v2\/types\/post"}],"author":[{"embeddable":true,"href":"https:\/\/informacionlocal.es\/it\/wp-json\/wp\/v2\/users\/1"}],"replies":[{"embeddable":true,"href":"https:\/\/informacionlocal.es\/it\/wp-json\/wp\/v2\/comments?post=16714"}],"version-history":[{"count":0,"href":"https:\/\/informacionlocal.es\/it\/wp-json\/wp\/v2\/posts\/16714\/revisions"}],"wp:featuredmedia":[{"embeddable":true,"href":"https:\/\/informacionlocal.es\/it\/wp-json\/wp\/v2\/media\/16716"}],"wp:attachment":[{"href":"https:\/\/informacionlocal.es\/it\/wp-json\/wp\/v2\/media?parent=16714"}],"wp:term":[{"taxonomy":"category","embeddable":true,"href":"https:\/\/informacionlocal.es\/it\/wp-json\/wp\/v2\/categories?post=16714"},{"taxonomy":"post_tag","embeddable":true,"href":"https:\/\/informacionlocal.es\/it\/wp-json\/wp\/v2\/tags?post=16714"}],"curies":[{"name":"wp","href":"https:\/\/api.w.org\/{rel}","templated":true}]}}