{"id":16636,"date":"2026-01-22T21:01:56","date_gmt":"2026-01-22T21:01:56","guid":{"rendered":"https:\/\/informacionlocal.es\/adivia-y-valentina-moran-son-distinguidos-en-la-gala-capaces-canarias-discapacidad-y-talento\/"},"modified":"2026-01-22T21:01:56","modified_gmt":"2026-01-22T21:01:56","slug":"adivia-y-valentina-moran-son-distinguidos-en-la-gala-capaces-canarias-discapacidad-y-talento","status":"publish","type":"post","link":"https:\/\/informacionlocal.es\/it\/adivia-y-valentina-moran-son-distinguidos-en-la-gala-capaces-canarias-discapacidad-y-talento\/","title":{"rendered":"Adivia y Valentina Mor\u00e1n son distinguidos en la Gala +Capaces Canarias: discapacidad y talento"},"content":{"rendered":"<div class=\"entry-content\"><strong>22 enero, 2026<\/strong><\/p>\n<p><em><strong>Los premios son concedidos por la Direcci\u00f3n General de Discapacidad del Gobierno de Canarias, a propuesta del Cabildo de Fuerteventura<\/strong><\/em><\/p>\n<p>La Asociaci\u00f3n de Personas con Discapacidad<br \/>\nVisual y Auditiva \u2018Adivia Fuerteventura\u2019 y Valentina Mor\u00e1n, trabajadora de<br \/>\nAdisfuer, fueron distinguidos con los premios Gala +Capaces Canarias:<br \/>\ndiscapacidad y talento, a propuesta del Cabildo de Fuerteventura. <\/p>\n<p>Los premios, que concede la Direcci\u00f3n General<br \/>\nde Discapacidad de la Consejer\u00eda de Bienestar Social, Igualdad, Juventud,<br \/>\nInfancia y Familias del Gobierno de Canarias, se entregaron en la Gala +Capaces<br \/>\nCanarias: discapacidad y talento, celebrada este mi\u00e9rcoles en Gran Canaria,<br \/>\ncontando con la presencia del consejero de Acci\u00f3n Social, V\u00edctor Alonso.<\/p>\n<p>Tanto la presidenta del Cabildo de<br \/>\nFuerteventura, Lola Garc\u00eda, como V\u00edctor Alonso, felicitan a los premiados<br \/>\nmajoreros que son reconocidos como referentes en este \u00e1mbito, distinguiendo su<br \/>\naportaci\u00f3n y trabajo en favor de los derechos de las personas de Fuerteventura.<\/p>\n<p>La gala fue encabezada por la consejera de<br \/>\nBienestar Social, Candelaria Delgado, y la directora general de Discapacidad,<br \/>\nDulce Guti\u00e9rrez. El Gobierno de Canarias reconoci\u00f3 a un total de 14 personas y<br \/>\nentidades de todo el Archipi\u00e9lago, adem\u00e1s de un galard\u00f3n de honor, a una serie<br \/>\nde referentes canarios en la defensa de la igualdad de oportunidades y la plena<br \/>\ninclusi\u00f3n.<\/p>\n<p>En el caso de Fuerteventura, el premio<br \/>\ncolectivo fue para la asociaci\u00f3n Adivia, por su extensa trayectoria trabajando<br \/>\npor mejorar el entorno y la calidad de vida de las personas. La familia de<br \/>\nAdivia se ha ido incrementando en los \u00faltimos a\u00f1os, convirti\u00e9ndose en todo un<br \/>\nreferente en materia de discapacidad y accesibilidad en la isla de<br \/>\nFuerteventura.<\/p>\n<p>Por su parte, Valentina Mor\u00e1n Rodr\u00edguez<br \/>\nrecibi\u00f3 el premio individual como trabajadora incansable ligada a la Asociaci\u00f3n<br \/>\nde Discapacitados de Fuerteventura \u2018Adisfuer\u2019 desde los 16 a\u00f1os. Valentina comenz\u00f3<br \/>\na trabajar en el a\u00f1o 2009, en el Centro de Recuperaci\u00f3n y Conservaci\u00f3n de<br \/>\nTortugas Marinas de Morro Jable donde cuidaba y alimentaba a las tortugas con<br \/>\nmucho amor. Luego, ejerci\u00f3 como encargada de una brigada de limpieza y hoy en<br \/>\nd\u00eda es auxiliar de informaci\u00f3n.<\/p>\n<\/div>\n","protected":false},"excerpt":{"rendered":"<p>22 enero, 2026 Los premios son concedidos por la Direcci\u00f3n General de Discapacidad del Gobierno de Canarias, a propuesta del Cabildo de Fuerteventura La Asociaci\u00f3n de Personas con Discapacidad Visual [&hellip;]<\/p>\n","protected":false},"author":1,"featured_media":16638,"comment_status":"open","ping_status":"open","sticky":false,"template":"","format":"standard","meta":{"inline_featured_image":false,"jnews-multi-image_gallery":[],"jnews_single_post":[],"jnews_primary_category":[],"jnews_social_meta":[],"jnews_override_counter":[],"jnews_post_split":[],"footnotes":""},"categories":[58],"tags":[82],"class_list":["post-16636","post","type-post","status-publish","format-standard","has-post-thumbnail","hentry","category-cabildo","tag-fuerteventura"],"jetpack_featured_media_url":"https:\/\/informacionlocal.es\/wp-content\/uploads\/2026\/01\/gala-capaces-2.jpeg","_links":{"self":[{"href":"https:\/\/informacionlocal.es\/it\/wp-json\/wp\/v2\/posts\/16636","targetHints":{"allow":["GET"]}}],"collection":[{"href":"https:\/\/informacionlocal.es\/it\/wp-json\/wp\/v2\/posts"}],"about":[{"href":"https:\/\/informacionlocal.es\/it\/wp-json\/wp\/v2\/types\/post"}],"author":[{"embeddable":true,"href":"https:\/\/informacionlocal.es\/it\/wp-json\/wp\/v2\/users\/1"}],"replies":[{"embeddable":true,"href":"https:\/\/informacionlocal.es\/it\/wp-json\/wp\/v2\/comments?post=16636"}],"version-history":[{"count":0,"href":"https:\/\/informacionlocal.es\/it\/wp-json\/wp\/v2\/posts\/16636\/revisions"}],"wp:featuredmedia":[{"embeddable":true,"href":"https:\/\/informacionlocal.es\/it\/wp-json\/wp\/v2\/media\/16638"}],"wp:attachment":[{"href":"https:\/\/informacionlocal.es\/it\/wp-json\/wp\/v2\/media?parent=16636"}],"wp:term":[{"taxonomy":"category","embeddable":true,"href":"https:\/\/informacionlocal.es\/it\/wp-json\/wp\/v2\/categories?post=16636"},{"taxonomy":"post_tag","embeddable":true,"href":"https:\/\/informacionlocal.es\/it\/wp-json\/wp\/v2\/tags?post=16636"}],"curies":[{"name":"wp","href":"https:\/\/api.w.org\/{rel}","templated":true}]}}