{"id":16616,"date":"2026-01-22T19:03:05","date_gmt":"2026-01-22T19:03:05","guid":{"rendered":"https:\/\/informacionlocal.es\/lola-garcia-asume-la-presidencia-de-la-fecai-llamando-al-trabajo-conjunto-en-asuntos-prioritarios-para-el-archipielago\/"},"modified":"2026-01-22T19:03:05","modified_gmt":"2026-01-22T19:03:05","slug":"lola-garcia-asume-la-presidencia-de-la-fecai-llamando-al-trabajo-conjunto-en-asuntos-prioritarios-para-el-archipielago","status":"publish","type":"post","link":"https:\/\/informacionlocal.es\/it\/lola-garcia-asume-la-presidencia-de-la-fecai-llamando-al-trabajo-conjunto-en-asuntos-prioritarios-para-el-archipielago\/","title":{"rendered":"Lola Garc\u00eda asume la presidencia de la FECAI llamando al trabajo conjunto en asuntos prioritarios para el Archipi\u00e9lago"},"content":{"rendered":"<div class=\"entry-content\"><strong>22 enero, 2026<\/strong><\/p>\n<p><strong><em>La FECAI pide soluciones para que se garantice la calidad del servicio de control a\u00e9reo en los aeropuertos de La Palma, El Hierro, Fuerteventura y Lanzarote<\/em><\/strong><\/p>\n<p><strong><em>La Federaci\u00f3n Canaria de Islas se pronuncia, adem\u00e1s, en defensa de la pesca artesanal que se ve afectada por la nueva normativa europea<\/em><\/strong><\/p>\n<p>La presidenta del Cabildo de Fuerteventura, Lola Garc\u00eda, ha asumido hoy, 22 de enero, la presidencia de la Federaci\u00f3n Canaria de Islas (FECAI), en una sesi\u00f3n celebrada en el marco de FITUR 2026.\u00a0 Durante la toma de posesi\u00f3n, Garc\u00eda hizo un llamamiento al trabajo conjunto entre los diferentes cabildos insulares en los asuntos que son prioritarios para la poblaci\u00f3n del Archipi\u00e9lago.<\/p>\n<p>En este sentido, Lola Garc\u00eda puso \u00e9nfasis en el reto demogr\u00e1fico al que se enfrenta Canarias, y un desaf\u00edo que cada vez determina m\u00e1s nuestra realidad como islas: el crecimiento poblacional. \u201cEsta presi\u00f3n afecta directamente a la vivienda, el agua, la movilidad y los servicios p\u00fablicos. Regular el crecimiento poblacional no es cerrar puertas, es planificar para poder garantizar servicios esenciales\u201d. Del mismo modo, \u201cproteger nuestro territorio, que es lo que nos hace \u00fanicos: proteger lo que somos\u201d.<\/p>\n<p><strong>Control del tr\u00e1fico del a\u00e9reo<\/strong><\/p>\n<p>Durante la sesi\u00f3n, la FECAI aprob\u00f3 un pronunciamiento de los cabildos insulares sobre la gesti\u00f3n del servicio de control del tr\u00e1fico a\u00e9reo en los aeropuertos canarios, concretamente en los aeropuertos de La Palma, El Hierro, Lanzarote y Fuerteventura, donde el servicio es gestionado por la entidad privada SAERCO.<\/p>\n<p>La Uni\u00f3n Sindical de Controladores A\u00e9reos (USCA) ha hecho p\u00fablica su solicitud para que el Ministerio de Transportes y Movilidad Sostenible suspenda de forma cautelar esta acreditaci\u00f3n y encomiende, de forma transitoria, la gesti\u00f3n de las torres de control aeroportuario a la empresa p\u00fablica ENAIRE. Esta ser\u00eda una medida para garantizar la continuidad y seguridad del servicio, as\u00ed como la protecci\u00f3n de los derechos laborales, ya que la propia empresa ha reconocido en sede judicial que no puede asumir el servicio con todas las garant\u00edas. Unos efectos que ya se han podido comprobar en el Aeropuerto de El Hierro, que se vio obligado a reducir su horario de apertura al p\u00fablico, generando preocupaci\u00f3n ante el personal afectado, el propio sindicato y las autoridades locales.<\/p>\n<p>Por este motivo, los cabildos insulares, a trav\u00e9s de la FECAI, exigen que la prestaci\u00f3n del servicio de control del tr\u00e1fico a\u00e9reo se desarrolle siempre dentro de los par\u00e1metros adecuados de seguridad, continuidad y fiabilidad que exige la normativa, solicitando la reversi\u00f3n a p\u00fablica de la gesti\u00f3n de las torres de control.<\/p>\n<p>Asimismo, las islas de El Hierro y La Gomera reclaman la sustituci\u00f3n inmediata del sistema AFIS, implementado por Aena en ambos aeropuertos insulares, por un servicio de controladores a\u00e9reos profesionales que garanticen la viabilidad del mismo. Esta medida permitir\u00eda contar con plena operatividad, reforzando la seguridad en las maniobras de despegue y aterrizaje y aumentando la calidad del servicio. Adem\u00e1s, se reducir\u00edan el n\u00famero de vuelos cancelados por condiciones meteorol\u00f3gicas, al permitir que los pilotos puedan ser guiados desde la torre de control lo que se traduce en mayor conectividad para ambas islas.<\/p>\n<p><strong>Defensa de la pesca artesanal<\/strong><\/p>\n<p>La Federaci\u00f3n Canaria de Islas (FECAI) ha acordado, adem\u00e1s, respaldar la posici\u00f3n del Gobierno de Canarias, as\u00ed como de los cabildos insulares en defensa de la pesca artesanal frente a la aplicaci\u00f3n r\u00edgida y desproporcionada del nuevo Reglamento de Control Pesquero de la Uni\u00f3n Europea. Una normativa que plantea serias dificultades para la flota artesanal canaria, al introducir obligaciones desproporcionadas, t\u00e9cnicamente inviables y alejadas de la realidad operativa del sector.<\/p>\n<p>Entre las medidas m\u00e1s lesivas, destacan, entre otras, el preaviso obligatorio de llegada a puerto con un m\u00ednimo de cuatro horas para buques de 12 metros o m\u00e1s, incluso cuando faenan a escasos minutos de la costa, as\u00ed como la obligaci\u00f3n de declarar todas las capturas desde el \u201ckilogramo cero\u201d mediante el Diario Electr\u00f3nico de A Bordo, sin que exista capacidad t\u00e9cnica real para realizar dicha actuaci\u00f3n exacta en embarcaciones artesanales. Estas exigencias generan inseguridad jur\u00eddica, riesgo de sanciones desproporcionadas, una carga administrativa y tecnol\u00f3gica inasumible y posibles afecciones a la seguridad mar\u00edtima.<\/p>\n<p>Por este motivo, en apoyo a la pesca artesanal de Canarias, se insta al Ministerio de Agricultura, Pesca y Alimentaci\u00f3n a defender ante la Comisi\u00f3n Europea la aplicaci\u00f3n de las flexibilidades previstas para las regiones ultraperif\u00e9ricas, garantizando una adaptaci\u00f3n de la normativa a la singularidad de la flota canaria. Asimismo, se ha acordado solicitar la exenci\u00f3n o adaptaci\u00f3n para la flota de bajura canaria, de los aspectos m\u00e1s lesivos del Reglamento. Se da traslado del acuerdo al Gobierno de Canarias, Gobierno de Espa\u00f1a, las Cortes Generales, a la Comisi\u00f3n Europea y las cofrad\u00edas de pescadores de Canarias.<\/p>\n<\/div>\n","protected":false},"excerpt":{"rendered":"<p>22 enero, 2026 La FECAI pide soluciones para que se garantice la calidad del servicio de control a\u00e9reo en los aeropuertos de La Palma, El Hierro, Fuerteventura y Lanzarote La [&hellip;]<\/p>\n","protected":false},"author":1,"featured_media":16618,"comment_status":"open","ping_status":"open","sticky":false,"template":"","format":"standard","meta":{"inline_featured_image":false,"jnews-multi-image_gallery":[],"jnews_single_post":[],"jnews_primary_category":[],"jnews_social_meta":[],"jnews_override_counter":[],"jnews_post_split":[],"footnotes":""},"categories":[58],"tags":[82,66,75],"class_list":["post-16616","post","type-post","status-publish","format-standard","has-post-thumbnail","hentry","category-cabildo","tag-fuerteventura","tag-servicios-publicos","tag-transportes"],"jetpack_featured_media_url":"https:\/\/informacionlocal.es\/wp-content\/uploads\/2026\/01\/fecai-fitur-2.jpeg","_links":{"self":[{"href":"https:\/\/informacionlocal.es\/it\/wp-json\/wp\/v2\/posts\/16616","targetHints":{"allow":["GET"]}}],"collection":[{"href":"https:\/\/informacionlocal.es\/it\/wp-json\/wp\/v2\/posts"}],"about":[{"href":"https:\/\/informacionlocal.es\/it\/wp-json\/wp\/v2\/types\/post"}],"author":[{"embeddable":true,"href":"https:\/\/informacionlocal.es\/it\/wp-json\/wp\/v2\/users\/1"}],"replies":[{"embeddable":true,"href":"https:\/\/informacionlocal.es\/it\/wp-json\/wp\/v2\/comments?post=16616"}],"version-history":[{"count":0,"href":"https:\/\/informacionlocal.es\/it\/wp-json\/wp\/v2\/posts\/16616\/revisions"}],"wp:featuredmedia":[{"embeddable":true,"href":"https:\/\/informacionlocal.es\/it\/wp-json\/wp\/v2\/media\/16618"}],"wp:attachment":[{"href":"https:\/\/informacionlocal.es\/it\/wp-json\/wp\/v2\/media?parent=16616"}],"wp:term":[{"taxonomy":"category","embeddable":true,"href":"https:\/\/informacionlocal.es\/it\/wp-json\/wp\/v2\/categories?post=16616"},{"taxonomy":"post_tag","embeddable":true,"href":"https:\/\/informacionlocal.es\/it\/wp-json\/wp\/v2\/tags?post=16616"}],"curies":[{"name":"wp","href":"https:\/\/api.w.org\/{rel}","templated":true}]}}