{"id":16576,"date":"2026-01-22T10:01:32","date_gmt":"2026-01-22T10:01:32","guid":{"rendered":"https:\/\/informacionlocal.es\/los-arqueros-del-san-crispin-de-antigua-se-afianzan-en-europa\/"},"modified":"2026-01-22T10:01:32","modified_gmt":"2026-01-22T10:01:32","slug":"los-arqueros-del-san-crispin-de-antigua-se-afianzan-en-europa","status":"publish","type":"post","link":"https:\/\/informacionlocal.es\/it\/los-arqueros-del-san-crispin-de-antigua-se-afianzan-en-europa\/","title":{"rendered":"Los arqueros del San Crisp\u00edn de Antigua se afianzan en Europa"},"content":{"rendered":"<div class=\"elementor-widget-container\">\n<p><strong>Los arqueros del San Crisp\u00edn de Antigua se afianzan en Europa<\/strong><\/p>\n<p><strong>\u2022 Los arqueros del club deportivo San Crisp\u00edn de Antigua participan desde hace nueve a\u00f1os en el Circuito Internacional de Tiro con Arco celebrado en Nimes. <\/strong><br \/><strong>\u2022 La arquera Tigana Florizoone Vera afianza su sexta posici\u00f3n en el ranking global del circuito internacional.<\/strong><\/p>\n<p>El Ayuntamiento de Antigua desde la concejal\u00eda de Deportes celebra la novena participaci\u00f3n de los arqueros del CD San Crisp\u00edn en el Circuito Internacional en Nimes, Francia, afirma el alcalde, Mat\u00edas Pe\u00f1a, donde compitieron en la quinta prueba del calendario mundial junto a arqueros de diferentes comunidades internacionales.<\/p>\n<p>Una nueva edici\u00f3n en la que compitieron los seis arqueros majoreros, como \u00fanicos representes de un club canario, mejorando su cache y demostrando una vez m\u00e1s su templanza en el tiro, se\u00f1ala el concejal de \u00e1rea, Samuel Torres.<\/p>\n<p>La arquera Tigana Florizoone Vera, seleccionada para el equipo canario para el campeonato de Espa\u00f1a, realiz\u00f3 una destacada actuaci\u00f3n, quedando clasificada en el puesto 25 afianzando as\u00ed su 6\u00ba puesto en el ranking global del circuito internacional.<\/p>\n<p>Por su parte, Gisela Gonz\u00e1lez Vera, tambi\u00e9n seleccionada para el equipo femenino de Canarias, lograba r\u00e9cord personal en arco compuesto, terminando en el puesto 27.<\/p>\n<p>El joven Jos\u00e9 Luis Barrero P\u00e9rez quedaba clasificado en el puesto internacional 55, confirmando su continua progresi\u00f3n, tras conseguir el Campeonato de Canarias en la \u00faltima edici\u00f3n, volv\u00eda a marcar r\u00e9cord personal. El veterano, Cristian Cherchi lograba terminar en el puesto 188 despu\u00e9s de llevar toda la temporada arrastrando problemas de espalda que no le permite llegar a su mejor versi\u00f3n. Ancor Jorge Quintana se estrenaba en categor\u00eda U21 logrando un meritorio puesto 50 de una categor\u00eda muy disputada y en donde cada flecha y punto es muy peleado. En la misma categor\u00eda, Hugo Fern\u00e1ndez Reyes se clasificaba en el puesto 61.<\/p>\n<p>El Club Deportivo San Crisp\u00edn agradece el apoyo prestado por el Ayuntamiento de Antigua, en especial a la concejal\u00eda de Deportes, permitiendo nuestra presencia en esta competici\u00f3n internacional durante nueve a\u00f1os, as\u00ed como agradecer el respaldo del Cabildo de Fuerteventura para continuar y fortalecer nuestra presencia.<\/p>\n<\/div>\n","protected":false},"excerpt":{"rendered":"<p><strong>Los arqueros del San Crisp\u00edn de Antigua se afianzan en Europa<\/strong><\/p>\n","protected":false},"author":1,"featured_media":16578,"comment_status":"open","ping_status":"open","sticky":false,"template":"","format":"standard","meta":{"inline_featured_image":false,"jnews-multi-image_gallery":[],"jnews_single_post":[],"jnews_primary_category":[],"jnews_social_meta":[],"jnews_override_counter":[],"jnews_post_split":[],"footnotes":""},"categories":[59],"tags":[82],"class_list":["post-16576","post","type-post","status-publish","format-standard","has-post-thumbnail","hentry","category-antigua","tag-fuerteventura"],"jetpack_featured_media_url":"https:\/\/informacionlocal.es\/wp-content\/uploads\/2026\/01\/whatsapp-image-2026-01-21-at-20-11-02.jpeg","_links":{"self":[{"href":"https:\/\/informacionlocal.es\/it\/wp-json\/wp\/v2\/posts\/16576","targetHints":{"allow":["GET"]}}],"collection":[{"href":"https:\/\/informacionlocal.es\/it\/wp-json\/wp\/v2\/posts"}],"about":[{"href":"https:\/\/informacionlocal.es\/it\/wp-json\/wp\/v2\/types\/post"}],"author":[{"embeddable":true,"href":"https:\/\/informacionlocal.es\/it\/wp-json\/wp\/v2\/users\/1"}],"replies":[{"embeddable":true,"href":"https:\/\/informacionlocal.es\/it\/wp-json\/wp\/v2\/comments?post=16576"}],"version-history":[{"count":0,"href":"https:\/\/informacionlocal.es\/it\/wp-json\/wp\/v2\/posts\/16576\/revisions"}],"wp:featuredmedia":[{"embeddable":true,"href":"https:\/\/informacionlocal.es\/it\/wp-json\/wp\/v2\/media\/16578"}],"wp:attachment":[{"href":"https:\/\/informacionlocal.es\/it\/wp-json\/wp\/v2\/media?parent=16576"}],"wp:term":[{"taxonomy":"category","embeddable":true,"href":"https:\/\/informacionlocal.es\/it\/wp-json\/wp\/v2\/categories?post=16576"},{"taxonomy":"post_tag","embeddable":true,"href":"https:\/\/informacionlocal.es\/it\/wp-json\/wp\/v2\/tags?post=16576"}],"curies":[{"name":"wp","href":"https:\/\/api.w.org\/{rel}","templated":true}]}}