{"id":16508,"date":"2026-01-21T12:00:59","date_gmt":"2026-01-21T12:00:59","guid":{"rendered":"https:\/\/informacionlocal.es\/fuerteventura-acogio-con-emocion-el-primer-pase-publico-de-la-pelicula-la-lucha\/"},"modified":"2026-01-21T12:00:59","modified_gmt":"2026-01-21T12:00:59","slug":"fuerteventura-acogio-con-emocion-el-primer-pase-publico-de-la-pelicula-la-lucha","status":"publish","type":"post","link":"https:\/\/informacionlocal.es\/it\/fuerteventura-acogio-con-emocion-el-primer-pase-publico-de-la-pelicula-la-lucha\/","title":{"rendered":"Fuerteventura acogi\u00f3 con emoci\u00f3n el primer pase p\u00fablico de la pel\u00edcula \u2018La Lucha\u2019"},"content":{"rendered":"<div class=\"entry-content\"><strong>21 enero, 2026<\/strong><\/p>\n<p><em><strong>El preestreno de la pel\u00edcula de Jos\u00e9 Alay\u00f3n, rodada \u00edntegramente en la isla, llen\u00f3 la sala de los cines Yelmo<\/strong><\/em><\/p>\n<p><em><strong>Recibieron al p\u00fablico sus protagonistas Yazmina Estupi\u00f1\u00e1n, Tomas\u00edn Padr\u00f3n e In\u00e9s Cano, junto al director y la productora ejecutiva y coguionista, Marina Alberti<\/strong><\/em><\/p>\n<p>La pel\u00edcula <em>La Lucha<\/em> de Jose Alay\u00f3n ha<br \/>\nsido preestrenada este martes en Fuerteventura, donde se rod\u00f3 \u00edntegramente. Los<br \/>\nmulticines Yelmo (Caleta de Fuste, Antigua), acogieron con \u00e9xito el primer pase<br \/>\np\u00fablico de la cinta en Canarias, tras su recorrido internacional por<br \/>\nprestigiosos festivales de cine, en los que ha cosechado distintos<br \/>\nreconocimientos y cr\u00edticas muy destacables.<\/p>\n<p>El preestreno en Fuerteventura ha contado con<br \/>\nla presencia de sus principales protagonistas: Tomas\u00edn Padr\u00f3n, Yazmina<br \/>\nEstupi\u00f1\u00e1n e In\u00e9s Cano, quienes expresaron su emoci\u00f3n por estar entre amigos y<br \/>\nfamiliares en el preestreno de una cinta tan especial como <em>La Lucha<\/em>.<\/p>\n<p>Estuvieron presentes, adem\u00e1s, luchadores y<br \/>\nluchadoras que participaron como int\u00e9rpretes en el reparto, as\u00ed como el director<br \/>\nde la pel\u00edcula, Jose Alay\u00f3n, su coguionista y productora ejecutiva, Marina<br \/>\nAlberti, productores y miembros del equipo.<\/p>\n<p>Jose Alay\u00f3n resalt\u00f3 la alta expectaci\u00f3n que ha<br \/>\nlevantado la cinta, \u201cllevo mucho tiempo trabajando en esta pel\u00edcula y mientras<br \/>\nlo hac\u00eda pensaba en c\u00f3mo iba a recibirla el pueblo de Canarias y Fuerteventura,<br \/>\ny ahora estamos aqu\u00ed con muchas ganas, con nervios, pero tambi\u00e9n con mucha<br \/>\nfelicidad\u201d.<\/p>\n<p>Participaron, adem\u00e1s, la consejera de<br \/>\nFuerteventura Film Commission, Nereida Calero, el viceconsejero de Cultura del<br \/>\nGobierno de Canarias, Horacio Umpi\u00e9rrez, y la directora general de Deportes<br \/>\nAut\u00f3ctonos del Gobierno de Canarias, Lorena Hern\u00e1ndez. <\/p>\n<p>Seg\u00fan apunt\u00f3 Nereida Calero, \u201chay mucha<br \/>\nilusi\u00f3n y expectativas puestas en esta pel\u00edcula. Para Fuerteventura Film<br \/>\nCommission es importante que, cada vez, m\u00e1s producciones est\u00e9n rodadas<br \/>\n\u00edntegramente en Fuerteventura. Por eso colaboramos en preestrenos como este\u201d.<br \/>\nAdem\u00e1s, \u201ces un orgullo para la Isla porque no s\u00f3lo promocionamos nuestros<br \/>\nescenarios, nuestros paisajes, nuestra luz y el clima, sino que, con esta<br \/>\npel\u00edcula, se promociona tambi\u00e9n la cultura e identidad majorera con algo tan<br \/>\nnuestro como es la lucha canaria\u201d.<\/p>\n<p>Por su parte, Horacio Umpi\u00e9rrez, se\u00f1al\u00f3 que \u201cen<br \/>\n2024 la industria audiovisual dej\u00f3 184 millones en el Archipi\u00e9lago con el<br \/>\nrodaje de 145 producciones en Canarias y en el 2025 seguimos subiendo esas<br \/>\ncantidades, por lo que estamos en los mejores a\u00f1os\u201d. \u201cEn este caso es muy<br \/>\nespecial porque, espec\u00edficamente, la pel\u00edcula trata temas cercanos a nuestra<br \/>\ncultura canaria, dando el salto de lo internacional a lo local\u201d.<\/p>\n<p>Lorena Hern\u00e1ndez destac\u00f3 la oportunidad \u201cque<br \/>\nnos da Jos\u00e9 Alay\u00f3n de llevar la lucha, por primera vez, a la gran pantalla, as\u00ed<br \/>\nque es un gran d\u00eda para Canarias y para este deporte\u201d.<\/p>\n<p>Tras la proyecci\u00f3n, se desarroll\u00f3 un coloquio<br \/>\ncon el director Jose Alay\u00f3n y los protagonistas de la pel\u00edcula, moderado por el<br \/>\nperiodista Juan Manuel Bethencourt. Una actividad que fue organizada gracias a<br \/>\nla colaboraci\u00f3n de Fuerteventura Film Commission. <\/p>\n<p><strong><em>La Lucha<\/em><\/strong><\/p>\n<p>Miguel (Tomas\u00edn Padr\u00f3n) y su hija Mariana<br \/>\n(Yazmina Estupi\u00f1\u00e1n) intentan seguir adelante tras la muerte de su esposa, una<br \/>\np\u00e9rdida que los ha dejado a la deriva, siendo la lucha canaria su refugio y su forma<br \/>\nde hacerse un lugar en el mundo. De esta manera, Alay\u00f3n une en La Lucha dos de<br \/>\nsus elementos m\u00e1s recurrentes: la exploraci\u00f3n de los v\u00ednculos familiares y la<br \/>\nreflexi\u00f3n sobre la identidad colectiva.<\/p>\n<p>El rodaje de <em>La Lucha<\/em> cont\u00f3 con m\u00e1s de<br \/>\n300 figurantes, todos, de Fuerteventura. La producci\u00f3n ha apostado por trabajar<br \/>\ncon luchadores reales, lo que conllev\u00f3 a un proceso de casting para la b\u00fasqueda<br \/>\nde luchadores aut\u00e9nticos capaces de encarnar a los personajes. <\/p>\n<\/div>\n","protected":false},"excerpt":{"rendered":"<p>21 enero, 2026 El preestreno de la pel\u00edcula de Jos\u00e9 Alay\u00f3n, rodada \u00edntegramente en la isla, llen\u00f3 la sala de los cines Yelmo Recibieron al p\u00fablico sus protagonistas Yazmina Estupi\u00f1\u00e1n, [&hellip;]<\/p>\n","protected":false},"author":1,"featured_media":16510,"comment_status":"open","ping_status":"open","sticky":false,"template":"","format":"standard","meta":{"inline_featured_image":false,"jnews-multi-image_gallery":[],"jnews_single_post":[],"jnews_primary_category":[],"jnews_social_meta":[],"jnews_override_counter":[],"jnews_post_split":[],"footnotes":""},"categories":[58],"tags":[82],"class_list":["post-16508","post","type-post","status-publish","format-standard","has-post-thumbnail","hentry","category-cabildo","tag-fuerteventura"],"jetpack_featured_media_url":"https:\/\/informacionlocal.es\/wp-content\/uploads\/2026\/01\/la-lucha-2.jpeg","_links":{"self":[{"href":"https:\/\/informacionlocal.es\/it\/wp-json\/wp\/v2\/posts\/16508","targetHints":{"allow":["GET"]}}],"collection":[{"href":"https:\/\/informacionlocal.es\/it\/wp-json\/wp\/v2\/posts"}],"about":[{"href":"https:\/\/informacionlocal.es\/it\/wp-json\/wp\/v2\/types\/post"}],"author":[{"embeddable":true,"href":"https:\/\/informacionlocal.es\/it\/wp-json\/wp\/v2\/users\/1"}],"replies":[{"embeddable":true,"href":"https:\/\/informacionlocal.es\/it\/wp-json\/wp\/v2\/comments?post=16508"}],"version-history":[{"count":0,"href":"https:\/\/informacionlocal.es\/it\/wp-json\/wp\/v2\/posts\/16508\/revisions"}],"wp:featuredmedia":[{"embeddable":true,"href":"https:\/\/informacionlocal.es\/it\/wp-json\/wp\/v2\/media\/16510"}],"wp:attachment":[{"href":"https:\/\/informacionlocal.es\/it\/wp-json\/wp\/v2\/media?parent=16508"}],"wp:term":[{"taxonomy":"category","embeddable":true,"href":"https:\/\/informacionlocal.es\/it\/wp-json\/wp\/v2\/categories?post=16508"},{"taxonomy":"post_tag","embeddable":true,"href":"https:\/\/informacionlocal.es\/it\/wp-json\/wp\/v2\/tags?post=16508"}],"curies":[{"name":"wp","href":"https:\/\/api.w.org\/{rel}","templated":true}]}}