{"id":16486,"date":"2026-01-20T18:00:46","date_gmt":"2026-01-20T18:00:46","guid":{"rendered":"https:\/\/informacionlocal.es\/antigua-detalla-la-programacion-del-carnaval-de-culturas-y-lugares-del-mundo\/"},"modified":"2026-01-20T18:00:46","modified_gmt":"2026-01-20T18:00:46","slug":"antigua-detalla-la-programacion-del-carnaval-de-culturas-y-lugares-del-mundo","status":"publish","type":"post","link":"https:\/\/informacionlocal.es\/it\/antigua-detalla-la-programacion-del-carnaval-de-culturas-y-lugares-del-mundo\/","title":{"rendered":"Antigua detalla la programaci\u00f3n del Carnaval de Culturas y Lugares del Mundo"},"content":{"rendered":"<div class=\"elementor-widget-container\">\n<p><strong>Antigua detalla la programaci\u00f3n del Carnaval de Culturas y Lugares del Mundo<\/strong><\/p>\n<p><strong>\u2022 Los Carnavales 2026 se celebran en el Municipio de Antigua del 4 al 14 de febrero. <\/strong><br \/><strong>\u2022 Gala Drag, Coso Carnavalero y Verbenas de madrugada en Antigua y Caleta de Fuste.<\/strong><\/p>\n<p>El Ayuntamiento de Antigua desde la concejal\u00eda de Festejos detalla la programaci\u00f3n del Carnaval 2026 de Culturas y Lugares del Mundo que se celebra del 4 al 14 de febrero.<\/p>\n<p>El alcalde, Mat\u00edas Pe\u00f1a Garc\u00eda, anima a participar en el Carnaval de Antigua que abre el calendario de estas fiestas carnestolendas en toda la isla, siendo fiestas para vivir en la calle con disfraces y m\u00e1scaras de todos los colores e imaginativos dise\u00f1os.<\/p>\n<p>El alcalde destaca la seguridad en estos eventos para el disfrute de familias y amigos, coordinando Polic\u00eda Local, fuerzas de seguridad y servicios de emergencia, a su vez, que intensificando el servicio de taxis en horas clave, porque como siempre recuerdo, a\u00f1ade el regidor, las copas con el volante no se llevan bien y lo importante siempre es regresar a casa.<\/p>\n<p>Por su parte, el concejal de Festejos, Pedro M. Armas Mart\u00edn, destaca que los carnavales invitan a participar y disfrutar de la fiesta de las m\u00e1scaras en esta ocasi\u00f3n de tradiciones y expresiones culturales a trav\u00e9s de la m\u00fasica y el imaginario de cualquier lugar del mundo.<\/p>\n<p>El concejal recuerda que el Carnaval se desarrolla en Antigua del 4 al 8 y en Caleta de Fuste el fin de semana siguiente, 13 y 14 de febrero, reuniendo actuaciones, pasacalles, coso carnavalero, verbenas y la Gala Drag.<\/p>\n<p>Armas destaca, que ser\u00e1n el Pasacalles Infantil el que inicie los Carnavales de Antigua, con participaci\u00f3n del CEO de Antigua, los CEIP de El Castillo y Francisca P\u00e9rez de Triquivijate y la Escuela Unitaria de Valles de Ortega.<\/p>\n<\/div>\n","protected":false},"excerpt":{"rendered":"<p><strong>Antigua detalla la programaci\u00f3n del Carnaval de Culturas y Lugares del Mundo<\/strong><\/p>\n","protected":false},"author":1,"featured_media":16488,"comment_status":"open","ping_status":"open","sticky":false,"template":"","format":"standard","meta":{"inline_featured_image":false,"jnews-multi-image_gallery":[],"jnews_single_post":[],"jnews_primary_category":[],"jnews_social_meta":[],"jnews_override_counter":[],"jnews_post_split":[],"footnotes":""},"categories":[59],"tags":[69],"class_list":["post-16486","post","type-post","status-publish","format-standard","has-post-thumbnail","hentry","category-antigua","tag-eventos"],"jetpack_featured_media_url":"https:\/\/informacionlocal.es\/wp-content\/uploads\/2026\/01\/whatsapp-image-2026-01-16-at-08-38-02.jpeg","_links":{"self":[{"href":"https:\/\/informacionlocal.es\/it\/wp-json\/wp\/v2\/posts\/16486","targetHints":{"allow":["GET"]}}],"collection":[{"href":"https:\/\/informacionlocal.es\/it\/wp-json\/wp\/v2\/posts"}],"about":[{"href":"https:\/\/informacionlocal.es\/it\/wp-json\/wp\/v2\/types\/post"}],"author":[{"embeddable":true,"href":"https:\/\/informacionlocal.es\/it\/wp-json\/wp\/v2\/users\/1"}],"replies":[{"embeddable":true,"href":"https:\/\/informacionlocal.es\/it\/wp-json\/wp\/v2\/comments?post=16486"}],"version-history":[{"count":0,"href":"https:\/\/informacionlocal.es\/it\/wp-json\/wp\/v2\/posts\/16486\/revisions"}],"wp:featuredmedia":[{"embeddable":true,"href":"https:\/\/informacionlocal.es\/it\/wp-json\/wp\/v2\/media\/16488"}],"wp:attachment":[{"href":"https:\/\/informacionlocal.es\/it\/wp-json\/wp\/v2\/media?parent=16486"}],"wp:term":[{"taxonomy":"category","embeddable":true,"href":"https:\/\/informacionlocal.es\/it\/wp-json\/wp\/v2\/categories?post=16486"},{"taxonomy":"post_tag","embeddable":true,"href":"https:\/\/informacionlocal.es\/it\/wp-json\/wp\/v2\/tags?post=16486"}],"curies":[{"name":"wp","href":"https:\/\/api.w.org\/{rel}","templated":true}]}}