{"id":16422,"date":"2026-01-19T20:01:12","date_gmt":"2026-01-19T20:01:12","guid":{"rendered":"https:\/\/informacionlocal.es\/celebrada-la-junta-de-seguridad-de-los-carnavales-de-antigua-2026\/"},"modified":"2026-01-19T20:01:12","modified_gmt":"2026-01-19T20:01:12","slug":"celebrada-la-junta-de-seguridad-de-los-carnavales-de-antigua-2026","status":"publish","type":"post","link":"https:\/\/informacionlocal.es\/it\/celebrada-la-junta-de-seguridad-de-los-carnavales-de-antigua-2026\/","title":{"rendered":"Celebrada la Junta de Seguridad de los Carnavales de Antigua 2026"},"content":{"rendered":"<div class=\"elementor-widget-container\">\n<p><strong>Celebrada la Junta de Seguridad de los Carnavales de Antigua 2026<\/strong><\/p>\n<p><strong>\u2022 Los principales entes de prevenci\u00f3n, seguridad y emergencias de la isla y el municipio garantizan el desarrollo y organizaci\u00f3n de los Carnavales de Antigua 2026. <\/strong><br \/><strong>\u2022 El Municipio de Antigua celebra sus Carnavales 2026 del 4 al 14 de febrero con la alegor\u00eda Culturas y Lugares del Mundo.<\/strong><\/p>\n<p>El Ayuntamiento de Antigua este lunes 19 de enero, ha celebrado la Junta de Seguridad de los carnavales 2026, presidida conjuntamente por el alcalde, Mat\u00edas Pe\u00f1a Garc\u00eda y la Directora insular de la Administraci\u00f3n del Estado en Fuerteventura, Mar\u00eda Jes\u00fas de la Cruz Montserrat, participando los concejales de Seguridad y Emergencias y Festejos, Fernando Estupi\u00f1\u00e1n y Pedro M. Armas Mart\u00edn, respectivamente, junto con representantes de capitan\u00eda de la Guardia Civil en Fuerteventura, el responsable insular de Bomberos y Emergencias, Francisco Torres y el Inspector Jefe de la Polic\u00eda Local, Domingo Fr\u00e1nquiz.<\/p>\n<p>El representante del grupo Cabrera D\u00edaz y director del Plan de Seguridad, Jose Manuel D\u00edaz D\u00edaz, ha detallado las medidas preventivas adoptadas en cada evento y acto carnavalero previsto en la programaci\u00f3n, principalmente los desarrollados en los fines de semana de Antigua y Caleta de Fuste.<\/p>\n<p>La Junta de Seguridad permite coordinar cada detalle desde accesos a puntos de atenci\u00f3n, incluir un Punto violeta, garantizar presencia asistencial en cada acto, en definitiva, afirma el alcalde, Pe\u00f1a Garc\u00eda, prevenir las posibles incidencias y garantizar la r\u00e1pida actuaci\u00f3n ante cualquier problema que pueda ocurrir, y a\u00f1ade el alcalde, aporta las garant\u00edas de seguridad entre profesionales, para que en familia o con amigos podamos disfrutar c\u00f3modos y seguros de estos festejos.<\/p>\n<p>Entre todos los puntos revisados, tambi\u00e9n se ha mencionado la demanda comunicada a ambas asociaciones de taxis en el Municipio para intensificar el servicio, especialmente en horas de madrugada cuando finalizan los actos o conciertos, as\u00ed como durante el fin de semana. Un servicio que para el sector es un impulso econ\u00f3mico y para todos nosotros una seguridad y refuerzo a los desplazamientos y regreso a casa, afirma el concejal de Festejos, Pedro M. Armas Mart\u00edn.<\/p>\n<\/div>\n","protected":false},"excerpt":{"rendered":"<p><strong>Celebrada la Junta de Seguridad de los Carnavales de Antigua 2026<\/strong><\/p>\n","protected":false},"author":1,"featured_media":16424,"comment_status":"open","ping_status":"open","sticky":false,"template":"","format":"standard","meta":{"inline_featured_image":false,"jnews-multi-image_gallery":[],"jnews_single_post":[],"jnews_primary_category":[],"jnews_social_meta":[],"jnews_override_counter":[],"jnews_post_split":[],"footnotes":""},"categories":[59],"tags":[82,182],"class_list":["post-16422","post","type-post","status-publish","format-standard","has-post-thumbnail","hentry","category-antigua","tag-fuerteventura","tag-seguridad"],"jetpack_featured_media_url":"https:\/\/informacionlocal.es\/wp-content\/uploads\/2026\/01\/junta-de-seguridad-carnaval-antigua-2026-2-scaled-1.jpg","_links":{"self":[{"href":"https:\/\/informacionlocal.es\/it\/wp-json\/wp\/v2\/posts\/16422","targetHints":{"allow":["GET"]}}],"collection":[{"href":"https:\/\/informacionlocal.es\/it\/wp-json\/wp\/v2\/posts"}],"about":[{"href":"https:\/\/informacionlocal.es\/it\/wp-json\/wp\/v2\/types\/post"}],"author":[{"embeddable":true,"href":"https:\/\/informacionlocal.es\/it\/wp-json\/wp\/v2\/users\/1"}],"replies":[{"embeddable":true,"href":"https:\/\/informacionlocal.es\/it\/wp-json\/wp\/v2\/comments?post=16422"}],"version-history":[{"count":0,"href":"https:\/\/informacionlocal.es\/it\/wp-json\/wp\/v2\/posts\/16422\/revisions"}],"wp:featuredmedia":[{"embeddable":true,"href":"https:\/\/informacionlocal.es\/it\/wp-json\/wp\/v2\/media\/16424"}],"wp:attachment":[{"href":"https:\/\/informacionlocal.es\/it\/wp-json\/wp\/v2\/media?parent=16422"}],"wp:term":[{"taxonomy":"category","embeddable":true,"href":"https:\/\/informacionlocal.es\/it\/wp-json\/wp\/v2\/categories?post=16422"},{"taxonomy":"post_tag","embeddable":true,"href":"https:\/\/informacionlocal.es\/it\/wp-json\/wp\/v2\/tags?post=16422"}],"curies":[{"name":"wp","href":"https:\/\/api.w.org\/{rel}","templated":true}]}}