{"id":16416,"date":"2026-01-19T18:59:21","date_gmt":"2026-01-19T18:59:21","guid":{"rendered":"https:\/\/informacionlocal.es\/el-caaf-reduce-su-coste-energetico-en-mas-de-un-70\/"},"modified":"2026-01-19T18:59:21","modified_gmt":"2026-01-19T18:59:21","slug":"el-caaf-reduce-su-coste-energetico-en-mas-de-un-70","status":"publish","type":"post","link":"https:\/\/informacionlocal.es\/it\/el-caaf-reduce-su-coste-energetico-en-mas-de-un-70\/","title":{"rendered":"El CAAF reduce su coste energ\u00e9tico en m\u00e1s de un 70%"},"content":{"rendered":"<div class=\"entry-content\"><strong>19 enero, 2026<\/strong><\/p>\n<p><em><strong>El Consorcio de Abastecimiento de Aguas reduce el coste energ\u00e9tico por tercer a\u00f1o consecutivo<\/strong><\/em><\/p>\n<p><em><strong>El consorcio pasa de pagar 17,7 millones de euros en 2023 a 5,8 millones en 2026<\/strong><\/em><\/p>\n<p>Por tercer a\u00f1o consecutivo, el Consorcio de<br \/>\nAbastecimiento de Aguas de Fuerteventura contin\u00faa reduciendo su gasto econ\u00f3mico<br \/>\nde energ\u00eda el\u00e9ctrica, gracias a un nuevo contrato para el suministro que ha<br \/>\nsido aprobado, por unanimidad, hoy por la Junta del CAAF.\u00a0 <\/p>\n<p>De esta manera, el consorcio pasa de pagar m\u00e1s<br \/>\nde 17,7 millones de euros en 2023, a 5,8 millones de euros en 2026, \u201clo que<br \/>\nsupone un ahorro econ\u00f3mico de casi 12 millones de euros, m\u00e1s de un 70%\u201d, seg\u00fan<br \/>\nha se\u00f1alado la presidenta insular, Lola Garc\u00eda.<\/p>\n<p>Es el tercer a\u00f1o consecutivo que se trabaja<br \/>\npara reducir le gasto econ\u00f3mico de energ\u00eda del consorcio. \u201cDesde el Cabildo de<br \/>\nFuerteventura y el CAAF seguimos trabajando para mejorar la gesti\u00f3n del agua y<br \/>\nla reducci\u00f3n del coste energ\u00e9tico es una muestra de ello, al tiempo que<br \/>\ncontinuamos buscando nuevas fuentes de energ\u00edas renovables que nos permita<br \/>\ntener una entidad autosuficiente\u201d.<\/p>\n<p>El nuevo contrato se adjudica a trav\u00e9s del<br \/>\nacuerdo marco con la Federaci\u00f3n Espa\u00f1ola de Municipios y Provincias (FEMP).<br \/>\nSeg\u00fan ha indicado el consejero de Aguas, Adargoma Hern\u00e1ndez, \u201ceste ahorro en<br \/>\nenerg\u00eda el\u00e9ctrica permite seguir centrando el esfuerzo econ\u00f3mico en respaldar<br \/>\nlas obras y actuaciones de mejorar en redes, servicios y la gesti\u00f3n interna del<br \/>\nconsorcio\u201d. <\/p>\n<p>Fruto de este trabajo planificado desde el<br \/>\nCabildo de Fuerteventura, junto al CAAF y el Consejo Insular de Aguas,<br \/>\nFuerteventura ha aumentado su nivel de producci\u00f3n en casi 10.000 metros c\u00fabicos<br \/>\nal d\u00eda. En 2022, se produjeron 12.640.986 metros c\u00fabicos, mientras que en 2025<br \/>\nse alcanz\u00f3 la cifra de 15.954.411 metros c\u00fabicos.<\/p>\n<\/div>\n","protected":false},"excerpt":{"rendered":"<p>19 enero, 2026 El Consorcio de Abastecimiento de Aguas reduce el coste energ\u00e9tico por tercer a\u00f1o consecutivo El consorcio pasa de pagar 17,7 millones de euros en 2023 a 5,8 [&hellip;]<\/p>\n","protected":false},"author":1,"featured_media":16418,"comment_status":"open","ping_status":"open","sticky":false,"template":"","format":"standard","meta":{"inline_featured_image":false,"jnews-multi-image_gallery":[],"jnews_single_post":[],"jnews_primary_category":[],"jnews_social_meta":[],"jnews_override_counter":[],"jnews_post_split":[],"footnotes":""},"categories":[58],"tags":[82,65],"class_list":["post-16416","post","type-post","status-publish","format-standard","has-post-thumbnail","hentry","category-cabildo","tag-fuerteventura","tag-municipios"],"jetpack_featured_media_url":"https:\/\/informacionlocal.es\/wp-content\/uploads\/2026\/01\/1768825619-4eb5ec08dd12564ae51aecc51fda24f2.jpg","_links":{"self":[{"href":"https:\/\/informacionlocal.es\/it\/wp-json\/wp\/v2\/posts\/16416","targetHints":{"allow":["GET"]}}],"collection":[{"href":"https:\/\/informacionlocal.es\/it\/wp-json\/wp\/v2\/posts"}],"about":[{"href":"https:\/\/informacionlocal.es\/it\/wp-json\/wp\/v2\/types\/post"}],"author":[{"embeddable":true,"href":"https:\/\/informacionlocal.es\/it\/wp-json\/wp\/v2\/users\/1"}],"replies":[{"embeddable":true,"href":"https:\/\/informacionlocal.es\/it\/wp-json\/wp\/v2\/comments?post=16416"}],"version-history":[{"count":0,"href":"https:\/\/informacionlocal.es\/it\/wp-json\/wp\/v2\/posts\/16416\/revisions"}],"wp:featuredmedia":[{"embeddable":true,"href":"https:\/\/informacionlocal.es\/it\/wp-json\/wp\/v2\/media\/16418"}],"wp:attachment":[{"href":"https:\/\/informacionlocal.es\/it\/wp-json\/wp\/v2\/media?parent=16416"}],"wp:term":[{"taxonomy":"category","embeddable":true,"href":"https:\/\/informacionlocal.es\/it\/wp-json\/wp\/v2\/categories?post=16416"},{"taxonomy":"post_tag","embeddable":true,"href":"https:\/\/informacionlocal.es\/it\/wp-json\/wp\/v2\/tags?post=16416"}],"curies":[{"name":"wp","href":"https:\/\/api.w.org\/{rel}","templated":true}]}}