{"id":16376,"date":"2026-01-19T16:59:47","date_gmt":"2026-01-19T16:59:47","guid":{"rendered":"https:\/\/informacionlocal.es\/el-ayuntamiento-de-la-oliva-actua-para-evitar-la-degradacion-ambiental-y-el-uso-residencial-irregular-en-el-cotillo\/"},"modified":"2026-01-19T16:59:47","modified_gmt":"2026-01-19T16:59:47","slug":"el-ayuntamiento-de-la-oliva-actua-para-evitar-la-degradacion-ambiental-y-el-uso-residencial-irregular-en-el-cotillo","status":"publish","type":"post","link":"https:\/\/informacionlocal.es\/it\/el-ayuntamiento-de-la-oliva-actua-para-evitar-la-degradacion-ambiental-y-el-uso-residencial-irregular-en-el-cotillo\/","title":{"rendered":"El Ayuntamiento de La Oliva act\u00faa para evitar la degradaci\u00f3n ambiental y el uso residencial irregular en El Cotillo"},"content":{"rendered":"<p>El Ayuntamiento de La Oliva ha desarrollado una actuaci\u00f3n integral en la localidad de El Cotillo con el objetivo de evitar la degradaci\u00f3n ambiental, la acumulaci\u00f3n de residuos y la consolidaci\u00f3n de usos residenciales no autorizados en varios solares privados del municipio.<\/p>\n<p>La intervenci\u00f3n, impulsada y coordinada desde la concejal\u00eda de Medio Ambiente, se ha llevado a cabo en estrecha colaboraci\u00f3n con la Polic\u00eda Local, los gu\u00edas ambientales y los servicios municipales de limpieza, y se enmarca en un expediente administrativo largo y complejo, que ha requerido meses de seguimiento, inspecciones t\u00e9cnicas, informes policiales y requerimientos formales a los propietarios de los terrenos.  <\/p>\n<p>Durante las actuaciones se procedi\u00f3 a la retirada de veh\u00edculos abandonados con uso residencial, la correcta gesti\u00f3n de residuos y enseres acumulados y el traslado a despiece de aquellos veh\u00edculos que se encontraban en situaci\u00f3n de abandono. En paralelo, el Ayuntamiento ofreci\u00f3 informaci\u00f3n, acompa\u00f1amiento y apoyo log\u00edstico a las personas que se encontraban en la zona, actuando desde la empat\u00eda y el respeto. <\/p>\n<p>En este sentido, desde el Consistorio se aclara que muchas de las personas que ocupaban de forma continuada estos espacios disponen de vivienda o segunda residencia, por lo que no se trataba de situaciones generalizadas de exclusi\u00f3n social, sino de usos del suelo que no se ajustaban a la normativa vigente y que generaban un impacto ambiental y visual negativo. <\/p>\n<p>El alcalde de La Oliva, Isa\u00ed Blanco, destac\u00f3 la responsabilidad institucional de la actuaci\u00f3n. \u201cNuestro deber es proteger el entorno, la convivencia y la imagen del municipio. Hemos actuado con sensibilidad, escuchando y acompa\u00f1ando, pero tambi\u00e9n con firmeza para evitar que situaciones irregulares se cronifiquen y deriven en problemas mayores\u201d, afirm\u00f3.<\/p>\n<p>Por su parte, el concejal de Medio Ambiente, David Fajardo, puso en valor el trabajo desarrollado desde su \u00e1rea. \u201cEsta actuaci\u00f3n es fruto de meses de trabajo discreto y constante. Desde Medio Ambiente hemos liderado un proceso preventivo, dialogante y coordinado, para evitar que determinados espacios acaben convirti\u00e9ndose en asentamientos irregulares y para garantizar que los terrenos se mantengan limpios, seguros y en condiciones adecuadas\u201d, explic\u00f3.<\/p>\n<p>El Ayuntamiento recuerda que los solares privados deben conservarse en condiciones de limpieza, seguridad y salubridad, no solo por una cuesti\u00f3n est\u00e9tica o de imagen tur\u00edstica, sino tambi\u00e9n por salud p\u00fablica y prevenci\u00f3n de riesgos, como incendios o focos de insalubridad.  <\/p>\n<p>Algunas situaciones de mayor envergadura ya han sido trasladadas a la Agencia de Protecci\u00f3n del Medio Natural del Gobierno de Canarias, mientras que el Ayuntamiento continuar\u00e1 con las labores de seguimiento para evitar la reaparici\u00f3n de usos irregulares. <\/p>\n<p>El Ayuntamiento de La Oliva reafirma as\u00ed su compromiso con un municipio ordenado, sostenible y respetuoso, donde la protecci\u00f3n del entorno, la legalidad y la convivencia sean pilares fundamentales.<\/p>\n","protected":false},"excerpt":{"rendered":"<p><span>La Concejal\u00eda de Medio Ambiente lidera una actuaci\u00f3n ejemplar, basada en la legalidad, la prevenci\u00f3n y la sensibilidad social, para proteger el entorno y la imagen del municipio<\/span><\/p>\n","protected":false},"author":1,"featured_media":16378,"comment_status":"open","ping_status":"open","sticky":false,"template":"","format":"standard","meta":{"inline_featured_image":false,"jnews-multi-image_gallery":[],"jnews_single_post":[],"jnews_primary_category":[],"jnews_social_meta":[],"jnews_override_counter":[],"jnews_post_split":[],"footnotes":""},"categories":[62],"tags":[76,71],"class_list":["post-16376","post","type-post","status-publish","format-standard","has-post-thumbnail","hentry","category-la-oliva","tag-medio-ambiente","tag-residencia"],"jetpack_featured_media_url":"https:\/\/informacionlocal.es\/wp-content\/uploads\/2026\/01\/5291_05f26208.png","_links":{"self":[{"href":"https:\/\/informacionlocal.es\/it\/wp-json\/wp\/v2\/posts\/16376","targetHints":{"allow":["GET"]}}],"collection":[{"href":"https:\/\/informacionlocal.es\/it\/wp-json\/wp\/v2\/posts"}],"about":[{"href":"https:\/\/informacionlocal.es\/it\/wp-json\/wp\/v2\/types\/post"}],"author":[{"embeddable":true,"href":"https:\/\/informacionlocal.es\/it\/wp-json\/wp\/v2\/users\/1"}],"replies":[{"embeddable":true,"href":"https:\/\/informacionlocal.es\/it\/wp-json\/wp\/v2\/comments?post=16376"}],"version-history":[{"count":0,"href":"https:\/\/informacionlocal.es\/it\/wp-json\/wp\/v2\/posts\/16376\/revisions"}],"wp:featuredmedia":[{"embeddable":true,"href":"https:\/\/informacionlocal.es\/it\/wp-json\/wp\/v2\/media\/16378"}],"wp:attachment":[{"href":"https:\/\/informacionlocal.es\/it\/wp-json\/wp\/v2\/media?parent=16376"}],"wp:term":[{"taxonomy":"category","embeddable":true,"href":"https:\/\/informacionlocal.es\/it\/wp-json\/wp\/v2\/categories?post=16376"},{"taxonomy":"post_tag","embeddable":true,"href":"https:\/\/informacionlocal.es\/it\/wp-json\/wp\/v2\/tags?post=16376"}],"curies":[{"name":"wp","href":"https:\/\/api.w.org\/{rel}","templated":true}]}}