{"id":16348,"date":"2026-01-19T13:01:20","date_gmt":"2026-01-19T13:01:20","guid":{"rendered":"https:\/\/informacionlocal.es\/cabildo-y-gdr-maxorata-impulsan-el-curso-operador-de-compostaje-y-compostaje-participativo-para-apostar-por-la-sostenibilidad\/"},"modified":"2026-01-19T13:01:20","modified_gmt":"2026-01-19T13:01:20","slug":"cabildo-y-gdr-maxorata-impulsan-el-curso-operador-de-compostaje-y-compostaje-participativo-para-apostar-por-la-sostenibilidad","status":"publish","type":"post","link":"https:\/\/informacionlocal.es\/it\/cabildo-y-gdr-maxorata-impulsan-el-curso-operador-de-compostaje-y-compostaje-participativo-para-apostar-por-la-sostenibilidad\/","title":{"rendered":"Cabildo y GDR Maxorata impulsan el curso \u201cOperador de Compostaje y Compostaje Participativo\u201d para apostar por la sostenibilidad"},"content":{"rendered":"<div class=\"entry-content\"><strong>19 enero, 2026<\/strong><\/p>\n<p><strong>Cabildo y GDR Maxorata impulsan el curso \u201cOperador de Compostaje y<br \/>\nCompostaje Participativo\u201d para apostar por la sostenibilidad<\/strong><\/p>\n<p><strong><em>La formaci\u00f3n b\u00e1sica en compostaje descentralizado ofrece a los<br \/>\nparticipantes acceso a un empleo emergente y a un mercado de trabajo innovador<br \/>\nen la isla<\/em><\/strong><\/p>\n<p>La Asociaci\u00f3n para la Gesti\u00f3n del Desarrollo Rural Maxorata (GDR)<br \/>\ny el Cabildo de Fuerteventura, a trav\u00e9s de la Consejer\u00eda de Agricultura,<br \/>\nGanader\u00eda y Pesca que dirige Mat\u00edas Pe\u00f1a, presentan el curso \u201cOperador de<br \/>\nCompostaje y Compostaje Participativo\u201d, que se desarrollar\u00e1 en la sede del<br \/>\nAyuntamiento de La Oliva dentro del marco del programa PEPAC 2023-2027 LEADER.<\/p>\n<p>El curso, desarrollado en 25 horas y con homologaci\u00f3n de<br \/>\ncualificaci\u00f3n agraria profesional, ser\u00e1 impartido por la ingeniera agr\u00f3noma<br \/>\nLidia Casta\u00f1eda, quien ofrecer\u00e1 formaci\u00f3n b\u00e1sica en compostaje descentralizado,<br \/>\nproporcionando a los participantes herramientas y conocimientos para acceder a<br \/>\nun mercado laboral emergente y a un sector innovador. Las clases se<br \/>\ndesarrollar\u00e1n los d\u00edas 6, 9, 11, 13 y 16 de febrero, en horario de 16.00 a 21.00<br \/>\nhoras.<\/p>\n<p>Con este curso, que cuenta con la colaboraci\u00f3n del Ayuntamiento de<br \/>\nLa Oliva, se busca fomentar la formaci\u00f3n especializada en pr\u00e1cticas agr\u00edcolas y<br \/>\npromover acciones sostenibles en la gesti\u00f3n de residuos org\u00e1nicos.<\/p>\n<p>Las personas interesadas pueden inscribirse contactando con GDR<br \/>\nMaxorata a trav\u00e9s del tel\u00e9fono 928 53 12 03 \/ 633 09 39 03 o del correo<br \/>\nelectr\u00f3nico gdrfuerteventura@gmail.com.<\/p>\n<\/div>\n","protected":false},"excerpt":{"rendered":"<p>19 enero, 2026 Cabildo y GDR Maxorata impulsan el curso \u201cOperador de Compostaje y Compostaje Participativo\u201d para apostar por la sostenibilidad La formaci\u00f3n b\u00e1sica en compostaje descentralizado ofrece a los [&hellip;]<\/p>\n","protected":false},"author":1,"featured_media":16350,"comment_status":"open","ping_status":"open","sticky":false,"template":"","format":"standard","meta":{"inline_featured_image":false,"jnews-multi-image_gallery":[],"jnews_single_post":[],"jnews_primary_category":[],"jnews_social_meta":[],"jnews_override_counter":[],"jnews_post_split":[],"footnotes":""},"categories":[58],"tags":[82],"class_list":["post-16348","post","type-post","status-publish","format-standard","has-post-thumbnail","hentry","category-cabildo","tag-fuerteventura"],"jetpack_featured_media_url":"https:\/\/informacionlocal.es\/wp-content\/uploads\/2026\/01\/gdr-1.jpeg","_links":{"self":[{"href":"https:\/\/informacionlocal.es\/it\/wp-json\/wp\/v2\/posts\/16348","targetHints":{"allow":["GET"]}}],"collection":[{"href":"https:\/\/informacionlocal.es\/it\/wp-json\/wp\/v2\/posts"}],"about":[{"href":"https:\/\/informacionlocal.es\/it\/wp-json\/wp\/v2\/types\/post"}],"author":[{"embeddable":true,"href":"https:\/\/informacionlocal.es\/it\/wp-json\/wp\/v2\/users\/1"}],"replies":[{"embeddable":true,"href":"https:\/\/informacionlocal.es\/it\/wp-json\/wp\/v2\/comments?post=16348"}],"version-history":[{"count":0,"href":"https:\/\/informacionlocal.es\/it\/wp-json\/wp\/v2\/posts\/16348\/revisions"}],"wp:featuredmedia":[{"embeddable":true,"href":"https:\/\/informacionlocal.es\/it\/wp-json\/wp\/v2\/media\/16350"}],"wp:attachment":[{"href":"https:\/\/informacionlocal.es\/it\/wp-json\/wp\/v2\/media?parent=16348"}],"wp:term":[{"taxonomy":"category","embeddable":true,"href":"https:\/\/informacionlocal.es\/it\/wp-json\/wp\/v2\/categories?post=16348"},{"taxonomy":"post_tag","embeddable":true,"href":"https:\/\/informacionlocal.es\/it\/wp-json\/wp\/v2\/tags?post=16348"}],"curies":[{"name":"wp","href":"https:\/\/api.w.org\/{rel}","templated":true}]}}