{"id":1631,"date":"2025-04-14T10:00:25","date_gmt":"2025-04-14T10:00:25","guid":{"rendered":"https:\/\/informacionlocal.es\/antigua-offre-agli-escursionisti-lopportunita-di-seguire-il-percorso-da-corralejo-a-lajares\/"},"modified":"2025-04-14T10:47:40","modified_gmt":"2025-04-14T10:47:40","slug":"antigua-offre-agli-escursionisti-lopportunita-di-seguire-il-percorso-da-corralejo-a-lajares","status":"publish","type":"post","link":"https:\/\/informacionlocal.es\/it\/antigua-offre-agli-escursionisti-lopportunita-di-seguire-il-percorso-da-corralejo-a-lajares\/","title":{"rendered":"Antigua offre agli escursionisti l&#8217;opportunit\u00e0 di seguire il percorso da Corralejo a Lajares."},"content":{"rendered":"<div class=\"elementor-widget-container\">\n<p><strong>Antigua offre agli escursionisti l&#8217;opportunit\u00e0 di seguire il percorso da Corralejo a Lajares.<\/strong><\/p>\n<p><strong>&#8211; Le iscrizioni sono aperte fino al prossimo luned\u00ec 21 aprile, attraverso il Registro delle iscrizioni, con preferenza per le persone iscritte ad Antigua.  <\/strong><br \/><strong>&#8211; Il secondo percorso del programma Antigua se mueve si svolger\u00e0 il 26 di questo mese, proponendo un percorso di 13 chilometri di media difficolt\u00e0.  <\/strong><br \/><strong>&#8211; L&#8217;iscrizione \u00e8 gratuita, i percorsi sono guidati con una spiegazione delle principali caratteristiche storiche, culturali e faunistiche dell&#8217;ambiente, offrendo un&#8217;intonacatura finale.<\/strong><\/p>\n<p>Il programma Antigua se mueve, spiega il sindaco Mat\u00edas Pe\u00f1a Garc\u00eda, offre guide su ogni percorso che spiegano le caratteristiche geologiche o le storie che hanno avuto luogo in ogni luogo, oltre a facilitare gli spostamenti e a garantire sempre uno spuntino finale per recuperare le forze mentre si discute il percorso.<\/p>\n<p>Il programma di camminate Antigua se mueve, organizzato dall&#8217;Assessorato alla Giovent\u00f9 e allo Sport del Comune di Antigua, propone il secondo percorso annunciato, di 13 chilometri da Corralejo a Lajares, che si svolger\u00e0 sabato 26 aprile.<\/p>\n<p>Le iscrizioni sono gratuite e il periodo di presentazione delle domande \u00e8 aperto fino a luned\u00ec 21 di questo mese. Le domande devono essere presentate presso il Municipio di Antigua, presso l&#8217;Ufficio del Sindaco a Caleta de Fuste o online sul sito www.ayto-antigua.es.<\/p>\n<p>Il programma escursionistico di quest&#8217;anno offre percorsi di varia difficolt\u00e0 attraverso i luoghi pi\u00f9 suggestivi dei diversi comuni, spiega l&#8217;assessore alla Giovent\u00f9, Pedro Armas, proponendo anche di partecipare a una prossima escursione nella gambuesa dell&#8217;Alto del Jurado o a un&#8217;escursione notturna.<\/p>\n<p>Il programma completo di Antigua se Mueve propone sette percorsi, che sono stati portati a termine con successo sabato scorso con un gran numero di camminatori iscritti, il percorso da Antigua a Valle de Santa In\u00e9s, senza perdere le pause all&#8217;ombra e l&#8217;incontro finale per commentare i momenti e la sana pratica del camminare, spiega l&#8217;assessore allo Sport, Samuel Torres.<\/p>\n<\/div>\n","protected":false},"excerpt":{"rendered":"<p><strong>Antigua offre agli escursionisti l&#8217;opportunit\u00e0 di seguire il percorso da Corralejo a Lajares.<\/strong><\/p>\n","protected":false},"author":1,"featured_media":1884,"comment_status":"open","ping_status":"open","sticky":false,"template":"","format":"standard","meta":{"inline_featured_image":false,"jnews-multi-image_gallery":[],"jnews_single_post":[],"jnews_primary_category":[],"jnews_social_meta":[],"jnews_override_counter":[],"jnews_post_split":[],"footnotes":""},"categories":[282],"tags":[202],"class_list":["post-1631","post","type-post","status-publish","format-standard","has-post-thumbnail","hentry","category-antigua-it","tag-comuni"],"jetpack_featured_media_url":"https:\/\/informacionlocal.es\/wp-content\/uploads\/2025\/04\/3-logo-antigua-transparente-h-png.webp","_links":{"self":[{"href":"https:\/\/informacionlocal.es\/it\/wp-json\/wp\/v2\/posts\/1631","targetHints":{"allow":["GET"]}}],"collection":[{"href":"https:\/\/informacionlocal.es\/it\/wp-json\/wp\/v2\/posts"}],"about":[{"href":"https:\/\/informacionlocal.es\/it\/wp-json\/wp\/v2\/types\/post"}],"author":[{"embeddable":true,"href":"https:\/\/informacionlocal.es\/it\/wp-json\/wp\/v2\/users\/1"}],"replies":[{"embeddable":true,"href":"https:\/\/informacionlocal.es\/it\/wp-json\/wp\/v2\/comments?post=1631"}],"version-history":[{"count":1,"href":"https:\/\/informacionlocal.es\/it\/wp-json\/wp\/v2\/posts\/1631\/revisions"}],"predecessor-version":[{"id":1897,"href":"https:\/\/informacionlocal.es\/it\/wp-json\/wp\/v2\/posts\/1631\/revisions\/1897"}],"wp:featuredmedia":[{"embeddable":true,"href":"https:\/\/informacionlocal.es\/it\/wp-json\/wp\/v2\/media\/1884"}],"wp:attachment":[{"href":"https:\/\/informacionlocal.es\/it\/wp-json\/wp\/v2\/media?parent=1631"}],"wp:term":[{"taxonomy":"category","embeddable":true,"href":"https:\/\/informacionlocal.es\/it\/wp-json\/wp\/v2\/categories?post=1631"},{"taxonomy":"post_tag","embeddable":true,"href":"https:\/\/informacionlocal.es\/it\/wp-json\/wp\/v2\/tags?post=1631"}],"curies":[{"name":"wp","href":"https:\/\/api.w.org\/{rel}","templated":true}]}}