{"id":16294,"date":"2026-01-16T18:01:46","date_gmt":"2026-01-16T18:01:46","guid":{"rendered":"https:\/\/informacionlocal.es\/cabildo-y-diocesis-de-canarias-restauran-tres-cuadros-historicos-de-la-ermita-de-ampuyenta\/"},"modified":"2026-01-16T18:01:46","modified_gmt":"2026-01-16T18:01:46","slug":"cabildo-y-diocesis-de-canarias-restauran-tres-cuadros-historicos-de-la-ermita-de-ampuyenta","status":"publish","type":"post","link":"https:\/\/informacionlocal.es\/it\/cabildo-y-diocesis-de-canarias-restauran-tres-cuadros-historicos-de-la-ermita-de-ampuyenta\/","title":{"rendered":"Cabildo y Di\u00f3cesis de Canarias restauran tres cuadros hist\u00f3ricos de la Ermita de Ampuyenta"},"content":{"rendered":"<div class=\"entry-content\"><strong>15 enero, 2026<\/strong><\/p>\n<p><em><strong>La restauradora Chus Morante expuso los resultados de un proyecto que forma parte del convenio entre Patrimonio Cultural del Cabildo y Di\u00f3cesis de Canarias<\/strong><\/em><\/p>\n<p>La Ermita de San Pedro de Alc\u00e1ntara en La Ampuyenta ha acogido hoy la presentaci\u00f3n de la restauraci\u00f3n realizada en tres de sus lienzos hist\u00f3ricos, gracias al convenio de cooperaci\u00f3n entre Patrimonio Cultural del Cabildo de Fuerteventura, que dirige Rayco Le\u00f3n, y el Obispado de la Di\u00f3cesis de Canarias para la conservaci\u00f3n, restauraci\u00f3n y divulgaci\u00f3n del patrimonio de titularidad eclesi\u00e1stica radicado en la isla majorera.<\/p>\n<p>Las labores han permitido garantizar la adecuada preservaci\u00f3n y puesta en valor de tres lienzos del siglo XVIII, de grandes dimensiones, que forman parte de los bienes muebles vinculados a la Ermita de La Ampuyenta, declarada Bien de Inter\u00e9s Cultural.<\/p>\n<p>Los lienzos intervenidos en este proyecto son\u00a0<em>Encuentro M\u00edstico<\/em>\u00a0y\u00a0<em>Construcci\u00f3n de un refugio por \u00e1ngeles<\/em>, restaurados por Chus Morante y\u00a0<em>Fundaci\u00f3n de un convento por San Pedro Alc\u00e1ntara<\/em>, cuya restauraci\u00f3n corri\u00f3 a cargo de Alicia Meosnero-Romanos.<\/p>\n<p>La presidenta del Cabildo de Fuerteventura, Lola Garc\u00eda, destac\u00f3 la conservaci\u00f3n y divulgaci\u00f3n del patrimonio \u201ccomo un pilar fundamental del Cabildo de Fuerteventura\u201d. \u201cDentro de estas labores, \u201cel patrimonio eclesi\u00e1stico es una parte importante y muy valioso de nuestro pasado\u201d. Garc\u00eda puso en valor el trabajo que se hace desde Patrimonio Cultural de la Corporaci\u00f3n insular, la gran labor realizada por las restauradoras, as\u00ed como la sensibilidad del pueblo de Ampuyenta con su cultura y patrimonio.<\/p>\n<p>El concejal de Patrimonio Hist\u00f3rico de Puerto del Rosario, David de Le\u00f3n,\u00a0 agra<\/p>\n<p>deci\u00f3 el gran trabajo que se realiza desde Patrimonio Cultural del Cabildo majorero para la restauraci\u00f3n del patrimonio, \u201cque es fundamental conservarlo\u201d. En el acto estuvieron presentes, adem\u00e1s, Loren Casta\u00f1eyra como redactor de los proyectos y el Arcipreste de Fuerteventura, Aday Garc\u00eda.<\/p>\n<p>Como responsable de los trabajos, Chus Morante detall\u00f3 el proceso de intervenci\u00f3n llevada a cabo para recuperar y conservar estas obras de alto valor art\u00edstico, hist\u00f3rico y patrimonial.<\/p>\n<p>Los tratamientos aplicados a dichos lienzos han consistido, principalmente, en la limpieza del anverso y reverso de las obras con medios qu\u00edmicos y mec\u00e1nicos, desinsectaci\u00f3n y limpieza del bastidor, tensado del lienzo en el bastidor, consolidaci\u00f3n de los estratos de preparaci\u00f3n y pict\u00f3ricos, elaboraci\u00f3n y colocaci\u00f3n de injertos en los faltantes de lienzo y reentelado cuando as\u00ed lo requirieron las circunstancias, entre otras acciones.<\/p>\n<p>Se desarroll\u00f3, asimismo, la reintegraci\u00f3n de los faltantes de policrom\u00eda, generalmente con criterio imitativo en las peque\u00f1as lagunas y discernibles en las de mayor tama\u00f1o. Como protecci\u00f3n final se aplic\u00f3 una capa de barniz mediante brocha o pulverizaci\u00f3n.<\/p>\n<\/div>\n","protected":false},"excerpt":{"rendered":"<p>15 enero, 2026 La restauradora Chus Morante expuso los resultados de un proyecto que forma parte del convenio entre Patrimonio Cultural del Cabildo y Di\u00f3cesis de Canarias La Ermita de [&hellip;]<\/p>\n","protected":false},"author":1,"featured_media":16296,"comment_status":"open","ping_status":"open","sticky":false,"template":"","format":"standard","meta":{"inline_featured_image":false,"jnews-multi-image_gallery":[],"jnews_single_post":[],"jnews_primary_category":[],"jnews_social_meta":[],"jnews_override_counter":[],"jnews_post_split":[],"footnotes":""},"categories":[58],"tags":[409,82,377],"class_list":["post-16294","post","type-post","status-publish","format-standard","has-post-thumbnail","hentry","category-cabildo","tag-conservacion","tag-fuerteventura","tag-patrimonio-historico"],"jetpack_featured_media_url":"https:\/\/informacionlocal.es\/wp-content\/uploads\/2026\/01\/ampuyenta-3-scaled.jpg","_links":{"self":[{"href":"https:\/\/informacionlocal.es\/it\/wp-json\/wp\/v2\/posts\/16294","targetHints":{"allow":["GET"]}}],"collection":[{"href":"https:\/\/informacionlocal.es\/it\/wp-json\/wp\/v2\/posts"}],"about":[{"href":"https:\/\/informacionlocal.es\/it\/wp-json\/wp\/v2\/types\/post"}],"author":[{"embeddable":true,"href":"https:\/\/informacionlocal.es\/it\/wp-json\/wp\/v2\/users\/1"}],"replies":[{"embeddable":true,"href":"https:\/\/informacionlocal.es\/it\/wp-json\/wp\/v2\/comments?post=16294"}],"version-history":[{"count":0,"href":"https:\/\/informacionlocal.es\/it\/wp-json\/wp\/v2\/posts\/16294\/revisions"}],"wp:featuredmedia":[{"embeddable":true,"href":"https:\/\/informacionlocal.es\/it\/wp-json\/wp\/v2\/media\/16296"}],"wp:attachment":[{"href":"https:\/\/informacionlocal.es\/it\/wp-json\/wp\/v2\/media?parent=16294"}],"wp:term":[{"taxonomy":"category","embeddable":true,"href":"https:\/\/informacionlocal.es\/it\/wp-json\/wp\/v2\/categories?post=16294"},{"taxonomy":"post_tag","embeddable":true,"href":"https:\/\/informacionlocal.es\/it\/wp-json\/wp\/v2\/tags?post=16294"}],"curies":[{"name":"wp","href":"https:\/\/api.w.org\/{rel}","templated":true}]}}